{"id":16802,"date":"2025-01-28T21:32:00","date_gmt":"2025-01-29T01:32:00","guid":{"rendered":"https:\/\/prensapresidencialvenezuela.gob.ve\/?p=16802"},"modified":"2025-01-28T21:35:34","modified_gmt":"2025-01-29T01:35:34","slug":"gobierno-bolivariano-condecora-al-embajador-hojjatollah-soltani-en-ceremonia-de-despedida","status":"publish","type":"post","link":"https:\/\/prensapresidencialvenezuela.gob.ve\/index.php\/2025\/01\/28\/gobierno-bolivariano-condecora-al-embajador-hojjatollah-soltani-en-ceremonia-de-despedida\/","title":{"rendered":"Gobierno Bolivariano condecora al embajador Hojjatollah Soltani en ceremonia de despedida"},"content":{"rendered":"\n<p><strong>Palacio de Miraflores, Caracas.-<\/strong>El presidente de la Rep\u00fablica Bolivariana de Venezuela, Nicol\u00e1s Maduro, lider\u00f3 un emotivo acto de despedida y condecoraci\u00f3n al embajador de la Rep\u00fablica Isl\u00e1mica de Ir\u00e1n, Hojjatollah Soltani, quien cumpli\u00f3 funciones diplom\u00e1ticas en Caracas desde el 14 de agosto de 2019.<\/p>\n\n\n\n<p>La ceremonia se llev\u00f3 a cabo en el Palacio de Miraflores y destac\u00f3 los lazos hist\u00f3ricos entre las dos naciones.<\/p>\n\n\n\n<p><strong>Recibimiento oficial<\/strong><\/p>\n\n\n\n<p>En esta actividad, el presidente Nicol\u00e1s Maduro estuvo acompa\u00f1ado por la Primera Dama, Cilia Flores; el Canciller Yv\u00e1n Gil; y Ram\u00f3n Vel\u00e1zquez Araguay\u00e1n, Ministro del Poder Popular para el Transporte.<\/p>\n\n\n\n<p>Tambi\u00e9n estuvieron presentes los encargados y secretarios diplom\u00e1ticos de la embajada iran\u00ed.<\/p>\n\n\n\n<p><strong>Experiencia diplom\u00e1tica<\/strong><\/p>\n\n\n\n<p>Hojjatollah Soltani, nacido el 13 de octubre de 1972 en Zahedan, Ir\u00e1n, posee una vasta experiencia en el \u00e1mbito diplom\u00e1tico.<\/p>\n\n\n\n<p>Se form\u00f3 en Ciencias Pol\u00edticas en la Facultad de Relaciones Internacionales del Ministerio de Asuntos Exteriores de Ir\u00e1n y complet\u00f3 una Maestr\u00eda en Derecho Internacional.<\/p>\n\n\n\n<p>Su trayectoria incluye diversas posiciones en el Ministerio de Asuntos Exteriores, as\u00ed como la representaci\u00f3n de Ir\u00e1n en la regi\u00f3n de Asia y el Pac\u00edfico.<\/p>\n\n\n\n<p>Desde 1998, Soltani ha estado al frente del Centro de Estudios y Planificaci\u00f3n del ministerio.<\/p>\n\n\n\n<p><strong>Lazos estrat\u00e9gicos<\/strong><\/p>\n\n\n\n<p>Venezuela e Ir\u00e1n, naciones fundadoras de la Organizaci\u00f3n de Pa\u00edses Exportadores de Petr\u00f3leo (OPEP), comparten tambi\u00e9n la membres\u00eda en el Movimiento de Pa\u00edses No Alineados, en el cual Venezuela sostiene la presidencia.<\/p>\n\n\n\n<p>Las relaciones bilaterales, iniciadas y fortalecidas durante la presidencia del comandante Hugo Ch\u00e1vez, abarcan \u00e1reas de inter\u00e9s com\u00fan como la energ\u00eda, el comercio, la agricultura, la industria, la cultura, la vivienda y el deporte.<\/p>\n\n\n\n<p><strong>Prensa Presidencial\/ Luis Tavera<\/strong><\/p>\n","protected":false},"excerpt":{"rendered":"<p>Palacio de Miraflores, Caracas.-El presidente de la Rep\u00fablica Bolivariana de Venezuela, Nicol\u00e1s Maduro, lider\u00f3 un emotivo acto de despedida y condecoraci\u00f3n al embajador de la Rep\u00fablica Isl\u00e1mica de Ir\u00e1n, Hojjatollah Soltani, quien cumpli\u00f3 funciones diplom\u00e1ticas en Caracas desde el 14 de agosto de 2019. La ceremonia se llev\u00f3 a cabo en el Palacio de Miraflores [&hellip;]<\/p>\n","protected":false},"author":1,"featured_media":16803,"comment_status":"open","ping_status":"open","sticky":false,"template":"","format":"standard","meta":{"footnotes":""},"categories":[18,7],"tags":[852,56,20],"class_list":["post-16802","post","type-post","status-publish","format-standard","has-post-thumbnail","hentry","category-noticias-principales","category-notas-de-prensa","tag-condecoracion","tag-iran","tag-venezuela"],"_links":{"self":[{"href":"https:\/\/prensapresidencialvenezuela.gob.ve\/index.php\/wp-json\/wp\/v2\/posts\/16802","targetHints":{"allow":["GET"]}}],"collection":[{"href":"https:\/\/prensapresidencialvenezuela.gob.ve\/index.php\/wp-json\/wp\/v2\/posts"}],"about":[{"href":"https:\/\/prensapresidencialvenezuela.gob.ve\/index.php\/wp-json\/wp\/v2\/types\/post"}],"author":[{"embeddable":true,"href":"https:\/\/prensapresidencialvenezuela.gob.ve\/index.php\/wp-json\/wp\/v2\/users\/1"}],"replies":[{"embeddable":true,"href":"https:\/\/prensapresidencialvenezuela.gob.ve\/index.php\/wp-json\/wp\/v2\/comments?post=16802"}],"version-history":[{"count":1,"href":"https:\/\/prensapresidencialvenezuela.gob.ve\/index.php\/wp-json\/wp\/v2\/posts\/16802\/revisions"}],"predecessor-version":[{"id":16804,"href":"https:\/\/prensapresidencialvenezuela.gob.ve\/index.php\/wp-json\/wp\/v2\/posts\/16802\/revisions\/16804"}],"wp:featuredmedia":[{"embeddable":true,"href":"https:\/\/prensapresidencialvenezuela.gob.ve\/index.php\/wp-json\/wp\/v2\/media\/16803"}],"wp:attachment":[{"href":"https:\/\/prensapresidencialvenezuela.gob.ve\/index.php\/wp-json\/wp\/v2\/media?parent=16802"}],"wp:term":[{"taxonomy":"category","embeddable":true,"href":"https:\/\/prensapresidencialvenezuela.gob.ve\/index.php\/wp-json\/wp\/v2\/categories?post=16802"},{"taxonomy":"post_tag","embeddable":true,"href":"https:\/\/prensapresidencialvenezuela.gob.ve\/index.php\/wp-json\/wp\/v2\/tags?post=16802"}],"curies":[{"name":"wp","href":"https:\/\/api.w.org\/{rel}","templated":true}]}}