{"id":16805,"date":"2025-01-28T21:33:00","date_gmt":"2025-01-29T01:33:00","guid":{"rendered":"https:\/\/prensapresidencialvenezuela.gob.ve\/?p=16805"},"modified":"2025-01-28T21:36:05","modified_gmt":"2025-01-29T01:36:05","slug":"diplomacia-bolivariana-de-paz-venezuela-y-argelia-resaltan-la-trayectoria-del-embajador-yacine-hadji","status":"publish","type":"post","link":"https:\/\/prensapresidencialvenezuela.gob.ve\/index.php\/2025\/01\/28\/diplomacia-bolivariana-de-paz-venezuela-y-argelia-resaltan-la-trayectoria-del-embajador-yacine-hadji\/","title":{"rendered":"Diplomacia Bolivariana de Paz: Venezuela y Argelia resaltan la trayectoria del embajador Yacine Hadji"},"content":{"rendered":"\n<p><strong>Palacio de Miraflores, Venezuela.-<\/strong> El Despacho 1 del Palacio de Miraflores, fue el escenario de un emotivo acto de despedida y condecoraci\u00f3n para Yacine Hadji, embajador Extraordinario y Plenipotenciario de la Rep\u00fablica Argelina Democr\u00e1tica y Popular, ante la Rep\u00fablica Bolivariana de Venezuela.<\/p>\n\n\n\n<p>El presidente de la Rep\u00fablica Bolivariana de Venezuela, Nicol\u00e1s Maduro, destac\u00f3 el trabajo en la esfera diplom\u00e1tica del representante argelino, quien ejerci\u00f3 en Caracas desde el 20 de noviembre de 2023.<\/p>\n\n\n\n<p>Hadji se distingui\u00f3 por su labor como embajador y su compromiso en la promoci\u00f3n de la Diplomacia Bolivariana de Paz, orientada hacia el desarrollo y un futuro pr\u00f3spero para ambos pueblos.<\/p>\n\n\n\n<p>En el acto estuvieron presentes: la Primera Dama, Cilia Flores; el Canciller Yv\u00e1n Gil; Yuri Pimentel, viceministro para \u00c1frica.<\/p>\n\n\n\n<p><a><\/a><strong>Un diplom\u00e1tico con trayectoria<\/strong><\/p>\n\n\n\n<p>Yacine Hadji posee una destacada trayectoria en relaciones exteriores, respaldada por su formaci\u00f3n acad\u00e9mica en Derecho Internacional y su dominio de varios idiomas.<\/p>\n\n\n\n<p>Su carrera diplom\u00e1tica incluye servicio en Argelia y Estados Unidos, entre 1988 y 1999; cargos como primer secretario y consejero en diversas delegaciones, y su desempe\u00f1o en la Embajada de Argelia en Mosc\u00fa desde 2003.<\/p>\n\n\n\n<p>Ha ocupado puestos clave dentro del Ministerio de Relaciones Exteriores de Argelia, consolid\u00e1ndose como un pilar en la diplomacia de su pa\u00eds.<\/p>\n\n\n\n<p>En junio de 2023, Venezuela y Argelia suscribieron m\u00faltiples acuerdos de cooperaci\u00f3n, durante la cuarta Comisi\u00f3n Mixta Intergubernamental celebrada en Caracas.<\/p>\n\n\n\n<p>Establecidas el 22 de marzo de 1971, las relaciones diplom\u00e1ticas entre Argelia y Venezuela han sido fortalecidas desde la llegada del comandante Hugo Ch\u00e1vez, mediante comisiones mixtas y la firma de acuerdos que reflejan el hermanamiento continuo de estos pa\u00edses.<\/p>\n\n\n\n<p><strong>Prensa Presidencial\/ Luis Tavera<\/strong><\/p>\n","protected":false},"excerpt":{"rendered":"<p>Palacio de Miraflores, Venezuela.- El Despacho 1 del Palacio de Miraflores, fue el escenario de un emotivo acto de despedida y condecoraci\u00f3n para Yacine Hadji, embajador Extraordinario y Plenipotenciario de la Rep\u00fablica Argelina Democr\u00e1tica y Popular, ante la Rep\u00fablica Bolivariana de Venezuela. El presidente de la Rep\u00fablica Bolivariana de Venezuela, Nicol\u00e1s Maduro, destac\u00f3 el trabajo [&hellip;]<\/p>\n","protected":false},"author":1,"featured_media":16810,"comment_status":"open","ping_status":"open","sticky":false,"template":"","format":"standard","meta":{"footnotes":""},"categories":[18,7],"tags":[128,557,20],"class_list":["post-16805","post","type-post","status-publish","format-standard","has-post-thumbnail","hentry","category-noticias-principales","category-notas-de-prensa","tag-argelia","tag-paz","tag-venezuela"],"_links":{"self":[{"href":"https:\/\/prensapresidencialvenezuela.gob.ve\/index.php\/wp-json\/wp\/v2\/posts\/16805","targetHints":{"allow":["GET"]}}],"collection":[{"href":"https:\/\/prensapresidencialvenezuela.gob.ve\/index.php\/wp-json\/wp\/v2\/posts"}],"about":[{"href":"https:\/\/prensapresidencialvenezuela.gob.ve\/index.php\/wp-json\/wp\/v2\/types\/post"}],"author":[{"embeddable":true,"href":"https:\/\/prensapresidencialvenezuela.gob.ve\/index.php\/wp-json\/wp\/v2\/users\/1"}],"replies":[{"embeddable":true,"href":"https:\/\/prensapresidencialvenezuela.gob.ve\/index.php\/wp-json\/wp\/v2\/comments?post=16805"}],"version-history":[{"count":1,"href":"https:\/\/prensapresidencialvenezuela.gob.ve\/index.php\/wp-json\/wp\/v2\/posts\/16805\/revisions"}],"predecessor-version":[{"id":16807,"href":"https:\/\/prensapresidencialvenezuela.gob.ve\/index.php\/wp-json\/wp\/v2\/posts\/16805\/revisions\/16807"}],"wp:featuredmedia":[{"embeddable":true,"href":"https:\/\/prensapresidencialvenezuela.gob.ve\/index.php\/wp-json\/wp\/v2\/media\/16810"}],"wp:attachment":[{"href":"https:\/\/prensapresidencialvenezuela.gob.ve\/index.php\/wp-json\/wp\/v2\/media?parent=16805"}],"wp:term":[{"taxonomy":"category","embeddable":true,"href":"https:\/\/prensapresidencialvenezuela.gob.ve\/index.php\/wp-json\/wp\/v2\/categories?post=16805"},{"taxonomy":"post_tag","embeddable":true,"href":"https:\/\/prensapresidencialvenezuela.gob.ve\/index.php\/wp-json\/wp\/v2\/tags?post=16805"}],"curies":[{"name":"wp","href":"https:\/\/api.w.org\/{rel}","templated":true}]}}