{"id":16811,"date":"2025-01-28T20:55:07","date_gmt":"2025-01-29T00:55:07","guid":{"rendered":"https:\/\/prensapresidencialvenezuela.gob.ve\/?p=16811"},"modified":"2025-01-28T20:55:07","modified_gmt":"2025-01-29T00:55:07","slug":"consejo-federal-de-gobierno-cerro-ano-2024-con-un-balance-positivo-al-concretarse-mas-de-11-mil-proyectos","status":"publish","type":"post","link":"https:\/\/prensapresidencialvenezuela.gob.ve\/index.php\/2025\/01\/28\/consejo-federal-de-gobierno-cerro-ano-2024-con-un-balance-positivo-al-concretarse-mas-de-11-mil-proyectos\/","title":{"rendered":"Consejo Federal de Gobierno cerr\u00f3 a\u00f1o 2024 con un balance positivo al concretarse m\u00e1s de 11 mil proyectos"},"content":{"rendered":"\n<p><strong>Palacio de Miraflores, Caracas.-<\/strong> Durante el Consejo Federal de Gobierno, la Vicepresidenta Ejecutiva de la Rep\u00fablica Bolivariana de Venezuela, Delcy Rodr\u00edguez, destac\u00f3 que el a\u00f1o 2024 ha sido un per\u00edodo de notable avance en la ejecuci\u00f3n de proyectos en el pa\u00eds, con un total de 11 mil 900 iniciativas llevadas a cabo.<\/p>\n\n\n\n<p>\u00abSe ejecutaron pr\u00e1cticamente todos los proyectos, 11 mil 900 proyectos, de los cuales, 2 mil 900, se ejecutaron entre gobernaciones y alcald\u00edas\u00bb, inform\u00f3 durante su intervenci\u00f3n, al subrayar que las gobernaciones alcanzaron una ejecuci\u00f3n del 87% y las alcald\u00edas del 78%, lo que demuestra un uso eficiente de los recursos asignados.<\/p>\n\n\n\n<p>Rodr\u00edguez enfatiz\u00f3 que los proyectos financiados, tanto en la primera como en la segunda consulta popular, lograron casi un 100% de ejecuci\u00f3n.<\/p>\n\n\n\n<p>\u00abTanto en la primera como la segunda consulta alcanzaron casi un 100% de ejecuci\u00f3n, eso quiere decir presidente [Nicol\u00e1s Maduro], que los recursos estuvieron a tiempo, que los recursos fueron invertidos\u00bb, explic\u00f3, tras destacar la importancia de la participaci\u00f3n del Poder Popular en este proceso.<\/p>\n\n\n\n<p>Uno de los aspectos m\u00e1s relevantes fue el proceso de rendici\u00f3n de cuentas, llevado a cabo en asambleas populares por los consejos comunales y las comunas, en que se realizaron rendiciones de cuentas sobre \u00ablos recursos que recibi\u00f3, as\u00ed que es ese mecanismo donde el Poder Popular realmente hace un mejor uso de los recursos y con transparencia\u00bb.<\/p>\n\n\n\n<p>\u00abHay una rendici\u00f3n de cuentas muy importante que alcanza un 82% y se puede decir que esto es un m\u00e9todo maravilloso para seguir consolidando la democracia popular\u00bb, afirm\u00f3 Rodr\u00edguez.<\/p>\n\n\n\n<p>En cuanto a las \u00e1reas prioritarias para la inversi\u00f3n, la Vicepresidenta indic\u00f3 que los proyectos relacionados con el agua y la vialidad fueron los m\u00e1s financiados.<\/p>\n\n\n\n<p>\u00abObservamos una conjunci\u00f3n entre el Consejo Federal de Gobierno y las regiones en estas \u00e1reas, lo que ha permitido una ejecuci\u00f3n extraordinaria\u00bb, a\u00f1adi\u00f3.<\/p>\n\n\n\n<p>Asimismo, tambi\u00e9n hizo hincapi\u00e9 en que, a pesar de los desaf\u00edos impuestos por el bloqueo econ\u00f3mico, el pa\u00eds ha logrado resistir y avanzar e indic\u00f3 que \u00abel 2024 fue un a\u00f1o muy bueno en comparaci\u00f3n con el 2023, y esto demuestra un crecimiento continuo en la asignaci\u00f3n y uso de recursos\u00bb.<\/p>\n\n\n\n<p>Por su parte, el encargado de la Secretar\u00eda del Consejo Federal de Gobierno, Leonardo Montezuma, a\u00f1adi\u00f3 que, de los proyectos ejecutados, \u00abm\u00e1s de 9 mil fueron al Poder Popular (\u2026). Cuenta usted con un equipo del Consejo Federal de Gobierno de cara a sus trabajadores y con todo el equipo de los consejos comunales y comunas, que estamos dispuestos a seguir entregando nuestra vida por garantizar que llegue su pol\u00edtica a cada territorio\u00bb.<\/p>\n\n\n\n<p><a><\/a><strong>Prensa Presidencial \/ Eduardo Hueck<\/strong><\/p>\n","protected":false},"excerpt":{"rendered":"<p>Palacio de Miraflores, Caracas.- Durante el Consejo Federal de Gobierno, la Vicepresidenta Ejecutiva de la Rep\u00fablica Bolivariana de Venezuela, Delcy Rodr\u00edguez, destac\u00f3 que el a\u00f1o 2024 ha sido un per\u00edodo de notable avance en la ejecuci\u00f3n de proyectos en el pa\u00eds, con un total de 11 mil 900 iniciativas llevadas a cabo. \u00abSe ejecutaron pr\u00e1cticamente [&hellip;]<\/p>\n","protected":false},"author":1,"featured_media":16812,"comment_status":"open","ping_status":"open","sticky":false,"template":"","format":"standard","meta":{"footnotes":""},"categories":[18,7],"tags":[519,726,477],"class_list":["post-16811","post","type-post","status-publish","format-standard","has-post-thumbnail","hentry","category-noticias-principales","category-notas-de-prensa","tag-balance","tag-consejo","tag-gobierno"],"_links":{"self":[{"href":"https:\/\/prensapresidencialvenezuela.gob.ve\/index.php\/wp-json\/wp\/v2\/posts\/16811","targetHints":{"allow":["GET"]}}],"collection":[{"href":"https:\/\/prensapresidencialvenezuela.gob.ve\/index.php\/wp-json\/wp\/v2\/posts"}],"about":[{"href":"https:\/\/prensapresidencialvenezuela.gob.ve\/index.php\/wp-json\/wp\/v2\/types\/post"}],"author":[{"embeddable":true,"href":"https:\/\/prensapresidencialvenezuela.gob.ve\/index.php\/wp-json\/wp\/v2\/users\/1"}],"replies":[{"embeddable":true,"href":"https:\/\/prensapresidencialvenezuela.gob.ve\/index.php\/wp-json\/wp\/v2\/comments?post=16811"}],"version-history":[{"count":1,"href":"https:\/\/prensapresidencialvenezuela.gob.ve\/index.php\/wp-json\/wp\/v2\/posts\/16811\/revisions"}],"predecessor-version":[{"id":16813,"href":"https:\/\/prensapresidencialvenezuela.gob.ve\/index.php\/wp-json\/wp\/v2\/posts\/16811\/revisions\/16813"}],"wp:featuredmedia":[{"embeddable":true,"href":"https:\/\/prensapresidencialvenezuela.gob.ve\/index.php\/wp-json\/wp\/v2\/media\/16812"}],"wp:attachment":[{"href":"https:\/\/prensapresidencialvenezuela.gob.ve\/index.php\/wp-json\/wp\/v2\/media?parent=16811"}],"wp:term":[{"taxonomy":"category","embeddable":true,"href":"https:\/\/prensapresidencialvenezuela.gob.ve\/index.php\/wp-json\/wp\/v2\/categories?post=16811"},{"taxonomy":"post_tag","embeddable":true,"href":"https:\/\/prensapresidencialvenezuela.gob.ve\/index.php\/wp-json\/wp\/v2\/tags?post=16811"}],"curies":[{"name":"wp","href":"https:\/\/api.w.org\/{rel}","templated":true}]}}