{"id":16814,"date":"2025-01-28T20:59:32","date_gmt":"2025-01-29T00:59:32","guid":{"rendered":"https:\/\/prensapresidencialvenezuela.gob.ve\/?p=16814"},"modified":"2025-01-28T20:59:33","modified_gmt":"2025-01-29T00:59:33","slug":"400-mil-ninos-retornan-a-su-patria-y-acceden-al-sistema-educativo","status":"publish","type":"post","link":"https:\/\/prensapresidencialvenezuela.gob.ve\/index.php\/2025\/01\/28\/400-mil-ninos-retornan-a-su-patria-y-acceden-al-sistema-educativo\/","title":{"rendered":"400 mil ni\u00f1os retornan a su Patria y acceden al sistema educativo"},"content":{"rendered":"\n<p><strong>Palacio Blanco, Caracas.- <\/strong>En un contexto global marcado por la migraci\u00f3n forzada y la discriminaci\u00f3n, el presidente de la Rep\u00fablica Bolivariana de Venezuela ha reafirmado el compromiso de su gobierno con la dignidad y el bienestar de su pueblo, especialmente aquellos que han sido forzados a abandonar su tierra.<\/p>\n\n\n\n<p>&nbsp;A trav\u00e9s de un discurso durante el primer Consejo Federal de Gobierno del 2025, desde del Sal\u00f3n Ezequiel Zamora, el Mandatario enfatiz\u00f3 la importancia de la reconciliaci\u00f3n nacional y el llamado a los migrantes a regresar a un pa\u00eds que se reconstruye d\u00eda a d\u00eda.<\/p>\n\n\n\n<p>\u00abLas cosas tienen que funcionar y este pa\u00eds tiene que funcionar, tiene que estar bello, hermoso, cada vez mejor\u00bb, afirm\u00f3 con firmeza el Presidente.<\/p>\n\n\n\n<p><strong>Venezuela recibe a 400 mil nuevos estudiantes<\/strong><\/p>\n\n\n\n<p>\u00abEn el \u00faltimo a\u00f1o, las escuelas venezolanas han recibido a 400 mil ni\u00f1os nuevos, marcando un paso significativo hacia la inclusi\u00f3n y la oferta de derechos fundamentales. Estos ni\u00f1os, que apostaron por un futuro mejor, ahora encuentran en su Patria un espacio seguro para aprender y crecer\u00bb.<\/p>\n\n\n\n<p><strong>Contra la discriminaci\u00f3n<\/strong><\/p>\n\n\n\n<p>\u00abAll\u00e1 donde estaban, no ten\u00edan derecho a la educaci\u00f3n p\u00fablica y gratuita\u00bb, expuso el Mandatario. Con esta declaraci\u00f3n, se hace eco de la lucha contra las campa\u00f1as de desinformaci\u00f3n y el estigma que enfrentan muchos venezolanos en el extranjero.<\/p>\n\n\n\n<p>El jefe de Estado denunci\u00f3 que la ultraderecha ha fomentado un clima de xenofobia hacia los migrantes venezolanos, pero el Gobierno se erige como un baluarte contra tales injusticias, garantizando a cada ni\u00f1o el acceso a una educaci\u00f3n equitativa, sin importar sus antecedentes.<\/p>\n\n\n\n<p>El Presidente continu\u00f3 afirmando: \u00abVenezuela tiene que ser un para\u00edso para nuestro pueblo\u00bb.<\/p>\n\n\n\n<p>Esta visi\u00f3n no es simplemente un deseo, sino una meta clara que inspira a millones. La promesa de una educaci\u00f3n gratuita y de calidad, junto con la posibilidad de acceder a universidades y formar parte activa del progreso nacional, representa una esperanza renovada para aquellos que han hecho el viaje de regreso.<\/p>\n\n\n\n<p><strong>Un llamado a la unidad<\/strong><\/p>\n\n\n\n<p>Finalmente, el Presidente concluy\u00f3 su mensaje con un claro llamado a la uni\u00f3n: \u00abNosotros s\u00ed le decimos a nuestros migrantes: \u201c\u00a1Queremos que vuelvan!\u201d\u00bb.<\/p>\n\n\n\n<p>La invitaci\u00f3n a regresar no es solo un acto administrativo, es un gesto de amor y solidaridad. En un mundo donde muchos son rechazados, Venezuela se abre con los brazos abiertos, buscando reconstituir la familia, la comunidad y, en \u00faltima instancia, la patria.<\/p>\n\n\n\n<p>\u00abS\u00ed por all\u00e1 no los quieren, nosotros s\u00ed los queremos, con amor\u00bb, enfatiz\u00f3, encapsulando el esp\u00edritu revolucionario que gu\u00eda su administraci\u00f3n.<\/p>\n\n\n\n<p><strong>Hacia un futuro compartido<\/strong><\/p>\n\n\n\n<p>El llamado del Presidente en un camino de renovaci\u00f3n y esperanza, donde cada venezolano, en cualquier rinc\u00f3n del mundo, es parte de la construcci\u00f3n de un futuro compartido.<\/p>\n\n\n\n<p><strong>Prensa Presdencial\/ Luis Tavera<\/strong><\/p>\n","protected":false},"excerpt":{"rendered":"<p>Palacio Blanco, Caracas.- En un contexto global marcado por la migraci\u00f3n forzada y la discriminaci\u00f3n, el presidente de la Rep\u00fablica Bolivariana de Venezuela ha reafirmado el compromiso de su gobierno con la dignidad y el bienestar de su pueblo, especialmente aquellos que han sido forzados a abandonar su tierra. &nbsp;A trav\u00e9s de un discurso durante [&hellip;]<\/p>\n","protected":false},"author":1,"featured_media":16815,"comment_status":"open","ping_status":"open","sticky":false,"template":"","format":"standard","meta":{"footnotes":""},"categories":[18,7],"tags":[447,948,750,553],"class_list":["post-16814","post","type-post","status-publish","format-standard","has-post-thumbnail","hentry","category-noticias-principales","category-notas-de-prensa","tag-eduacacion","tag-ninas","tag-ninos","tag-patria"],"_links":{"self":[{"href":"https:\/\/prensapresidencialvenezuela.gob.ve\/index.php\/wp-json\/wp\/v2\/posts\/16814","targetHints":{"allow":["GET"]}}],"collection":[{"href":"https:\/\/prensapresidencialvenezuela.gob.ve\/index.php\/wp-json\/wp\/v2\/posts"}],"about":[{"href":"https:\/\/prensapresidencialvenezuela.gob.ve\/index.php\/wp-json\/wp\/v2\/types\/post"}],"author":[{"embeddable":true,"href":"https:\/\/prensapresidencialvenezuela.gob.ve\/index.php\/wp-json\/wp\/v2\/users\/1"}],"replies":[{"embeddable":true,"href":"https:\/\/prensapresidencialvenezuela.gob.ve\/index.php\/wp-json\/wp\/v2\/comments?post=16814"}],"version-history":[{"count":1,"href":"https:\/\/prensapresidencialvenezuela.gob.ve\/index.php\/wp-json\/wp\/v2\/posts\/16814\/revisions"}],"predecessor-version":[{"id":16816,"href":"https:\/\/prensapresidencialvenezuela.gob.ve\/index.php\/wp-json\/wp\/v2\/posts\/16814\/revisions\/16816"}],"wp:featuredmedia":[{"embeddable":true,"href":"https:\/\/prensapresidencialvenezuela.gob.ve\/index.php\/wp-json\/wp\/v2\/media\/16815"}],"wp:attachment":[{"href":"https:\/\/prensapresidencialvenezuela.gob.ve\/index.php\/wp-json\/wp\/v2\/media?parent=16814"}],"wp:term":[{"taxonomy":"category","embeddable":true,"href":"https:\/\/prensapresidencialvenezuela.gob.ve\/index.php\/wp-json\/wp\/v2\/categories?post=16814"},{"taxonomy":"post_tag","embeddable":true,"href":"https:\/\/prensapresidencialvenezuela.gob.ve\/index.php\/wp-json\/wp\/v2\/tags?post=16814"}],"curies":[{"name":"wp","href":"https:\/\/api.w.org\/{rel}","templated":true}]}}