{"id":16817,"date":"2025-01-28T21:21:33","date_gmt":"2025-01-29T01:21:33","guid":{"rendered":"https:\/\/prensapresidencialvenezuela.gob.ve\/?p=16817"},"modified":"2025-01-28T21:21:34","modified_gmt":"2025-01-29T01:21:34","slug":"cercania-de-ministerios-gobernaciones-y-alcaldias-con-el-pueblo-garantiza-gestiones-mas-eficientes","status":"publish","type":"post","link":"https:\/\/prensapresidencialvenezuela.gob.ve\/index.php\/2025\/01\/28\/cercania-de-ministerios-gobernaciones-y-alcaldias-con-el-pueblo-garantiza-gestiones-mas-eficientes\/","title":{"rendered":"Cercan\u00eda de ministerios, gobernaciones y alcald\u00edas con el pueblo garantiza gestiones m\u00e1s eficientes"},"content":{"rendered":"\n<p><strong>Palacio Blanco, Caracas.-<\/strong> El presidente de la Rep\u00fablica Bolivariana de Venezuela, enfatiz\u00f3 que en la medida en que las gobernaciones, alcald\u00edas y ministerios est\u00e9n m\u00e1s cerca y sean instrumento de la gente, los procesos de gesti\u00f3n ser\u00e1n m\u00e1s f\u00e1ciles y eficientes, dando paso a un mejor pa\u00eds.<\/p>\n\n\n\n<p>Durante el Primer Consejo Federal de Gobierno del a\u00f1o 2025, celebrado en el Palacio Blanco, el jefe de Estado apel\u00f3 a la complejidad que representa ser alcalde y gobernador, sin embargo, se\u00f1al\u00f3 que esta tarea se hace m\u00e1s f\u00e1cil cuando hay confianza y es convocado el pueblo. &nbsp;<\/p>\n\n\n\n<p>\u201cTodo es m\u00e1s f\u00e1cil cuando uno conf\u00eda en la gente, convoca al pueblo, empodera a la gente\u201d, exalt\u00f3 el Mandatario nacional, al finalizar su intervenci\u00f3n en este Consejo Federal de Gobierno.<\/p>\n\n\n\n<p>En esa l\u00ednea, enfatiz\u00f3 que las dificultades en los \u00faltimos a\u00f1os han hecho a todos los venezolanos y venezolanas mejores personas. \u201cAs\u00ed lo creo y veo\u201d, porque \u201choy tenemos un mejor pueblo\u201d.<\/p>\n\n\n\n<p>No dud\u00f3 en sostener que en la medida que pasen los a\u00f1os \u201cnos creceremos y ustedes ver\u00e1n, que cada tiempo que pase, seremos mejores\u201d, al tiempo que convoc\u00f3 a todos y a todas al trabajo, para transformar al ser humano en lo individual y lo colectivo.<\/p>\n\n\n\n<p>El objetivo \u2013 dijo \u2013 es edificar una consciencia superior de lo que significa nuestra misi\u00f3n en esta vida.<\/p>\n\n\n\n<p>Subray\u00f3 que el Consejo Federal de Gobierno es una de las instituciones m\u00e1s importantes de la Naci\u00f3n y que aspira a que la Reforma Constitucional permita ampliar, mejorar y fortalecer a esta instancia.<\/p>\n\n\n\n<p><strong>Prensa Presidencial \/ Ana\u00eds P\u00e9rez &nbsp;<\/strong><\/p>\n","protected":false},"excerpt":{"rendered":"<p>Palacio Blanco, Caracas.- El presidente de la Rep\u00fablica Bolivariana de Venezuela, enfatiz\u00f3 que en la medida en que las gobernaciones, alcald\u00edas y ministerios est\u00e9n m\u00e1s cerca y sean instrumento de la gente, los procesos de gesti\u00f3n ser\u00e1n m\u00e1s f\u00e1ciles y eficientes, dando paso a un mejor pa\u00eds. Durante el Primer Consejo Federal de Gobierno del [&hellip;]<\/p>\n","protected":false},"author":1,"featured_media":16818,"comment_status":"open","ping_status":"open","sticky":false,"template":"","format":"standard","meta":{"footnotes":""},"categories":[18,7],"tags":[1264,1263,453,451],"class_list":["post-16817","post","type-post","status-publish","format-standard","has-post-thumbnail","hentry","category-noticias-principales","category-notas-de-prensa","tag-alcaldias","tag-gobernaciones","tag-ministerio","tag-pueblo"],"_links":{"self":[{"href":"https:\/\/prensapresidencialvenezuela.gob.ve\/index.php\/wp-json\/wp\/v2\/posts\/16817","targetHints":{"allow":["GET"]}}],"collection":[{"href":"https:\/\/prensapresidencialvenezuela.gob.ve\/index.php\/wp-json\/wp\/v2\/posts"}],"about":[{"href":"https:\/\/prensapresidencialvenezuela.gob.ve\/index.php\/wp-json\/wp\/v2\/types\/post"}],"author":[{"embeddable":true,"href":"https:\/\/prensapresidencialvenezuela.gob.ve\/index.php\/wp-json\/wp\/v2\/users\/1"}],"replies":[{"embeddable":true,"href":"https:\/\/prensapresidencialvenezuela.gob.ve\/index.php\/wp-json\/wp\/v2\/comments?post=16817"}],"version-history":[{"count":1,"href":"https:\/\/prensapresidencialvenezuela.gob.ve\/index.php\/wp-json\/wp\/v2\/posts\/16817\/revisions"}],"predecessor-version":[{"id":16819,"href":"https:\/\/prensapresidencialvenezuela.gob.ve\/index.php\/wp-json\/wp\/v2\/posts\/16817\/revisions\/16819"}],"wp:featuredmedia":[{"embeddable":true,"href":"https:\/\/prensapresidencialvenezuela.gob.ve\/index.php\/wp-json\/wp\/v2\/media\/16818"}],"wp:attachment":[{"href":"https:\/\/prensapresidencialvenezuela.gob.ve\/index.php\/wp-json\/wp\/v2\/media?parent=16817"}],"wp:term":[{"taxonomy":"category","embeddable":true,"href":"https:\/\/prensapresidencialvenezuela.gob.ve\/index.php\/wp-json\/wp\/v2\/categories?post=16817"},{"taxonomy":"post_tag","embeddable":true,"href":"https:\/\/prensapresidencialvenezuela.gob.ve\/index.php\/wp-json\/wp\/v2\/tags?post=16817"}],"curies":[{"name":"wp","href":"https:\/\/api.w.org\/{rel}","templated":true}]}}