{"id":16826,"date":"2025-01-29T18:25:14","date_gmt":"2025-01-29T22:25:14","guid":{"rendered":"https:\/\/prensapresidencialvenezuela.gob.ve\/?p=16826"},"modified":"2025-01-29T18:27:54","modified_gmt":"2025-01-29T22:27:54","slug":"presidente-maduro-sostiene-primer-encuentro-del-ano-con-pastoras-y-pastores-cristianos","status":"publish","type":"post","link":"https:\/\/prensapresidencialvenezuela.gob.ve\/index.php\/2025\/01\/29\/presidente-maduro-sostiene-primer-encuentro-del-ano-con-pastoras-y-pastores-cristianos\/","title":{"rendered":"Presidente Maduro sostiene primer encuentro del a\u00f1o con pastoras y pastores cristianos"},"content":{"rendered":"\n<p><strong>Teatro Teresa Carre\u00f1o, Caracas.-<\/strong> Desde los espacios de la Sala R\u00edos Reyna, del Teatro Teresa Carre\u00f1o, el presidente de la Rep\u00fablica Bolivariana de Venezuela, Nicol\u00e1s Maduro Moros, celebr\u00f3 junto a hombres y mujeres de la fe cristiana, el D\u00eda del Pastor y la Pastora.<\/p>\n\n\n\n<p>Este acto tambi\u00e9n se erige como una ratificaci\u00f3n de que los programas sociales, implementados por el Gobierno Bolivariano, han blindado y asegurado la protecci\u00f3n de las pastoras y pastores cristianos en el pa\u00eds.<\/p>\n\n\n\n<p>En este contexto, en el a\u00f1o 2023, el Ejecutivo anunci\u00f3 el lanzamiento del Programa Iglesia Social, con el objetivo de proporcionar apoyo a los m\u00e1s vulnerables, a trav\u00e9s de casas de alimentaci\u00f3n, donaciones y asistencia social mediante el Sistema Patria.<\/p>\n\n\n\n<p>Este d\u00eda tambi\u00e9n es un tributo al l\u00edder cristiano, Martin Luther King, destacar\u00eda el presidente Maduro luego de que representantes del Movimiento Cristiano Evang\u00e9lico por Venezuela le plantearan esta propuesta, en honor al nacimiento de King el 15 de enero de 1929.<\/p>\n\n\n\n<p>\u00abMe parece muy bien honrar a un gran pastor del pueblo, un m\u00e1rtir en Cristo. En Cristo, en amor cristiano, el 15 de enero de cada a\u00f1o\u00bb, expres\u00f3 el 5 de diciembre de 2019.<\/p>\n\n\n\n<p>Acompa\u00f1an al Jefe de Estado, en este primer encuentro con pastores y pastoras de este a\u00f1o, en la sala R\u00edos Reyna, la Primera Dama y Combatiente de la Rep\u00fablica, Cilia Flores; el diputado a la Asamblea Nacional y vicepresidente de Asuntos Religiosos del Partido Socialista Unido de Venezuela (PSUV), Nahum Fern\u00e1ndez, tambi\u00e9n jefe de gobierno del Distrito Capital, as\u00ed como autoridades e invitados especiales.<\/p>\n\n\n\n<p><strong>Prensa Presidencial \/ Eduardo Hueck<\/strong><\/p>\n","protected":false},"excerpt":{"rendered":"<p>Teatro Teresa Carre\u00f1o, Caracas.- Desde los espacios de la Sala R\u00edos Reyna, del Teatro Teresa Carre\u00f1o, el presidente de la Rep\u00fablica Bolivariana de Venezuela, Nicol\u00e1s Maduro Moros, celebr\u00f3 junto a hombres y mujeres de la fe cristiana, el D\u00eda del Pastor y la Pastora. Este acto tambi\u00e9n se erige como una ratificaci\u00f3n de que los [&hellip;]<\/p>\n","protected":false},"author":1,"featured_media":16827,"comment_status":"open","ping_status":"open","sticky":false,"template":"","format":"standard","meta":{"footnotes":""},"categories":[18,7],"tags":[592,1267,1266],"class_list":["post-16826","post","type-post","status-publish","format-standard","has-post-thumbnail","hentry","category-noticias-principales","category-notas-de-prensa","tag-encuentro","tag-pastoras","tag-pastores"],"_links":{"self":[{"href":"https:\/\/prensapresidencialvenezuela.gob.ve\/index.php\/wp-json\/wp\/v2\/posts\/16826","targetHints":{"allow":["GET"]}}],"collection":[{"href":"https:\/\/prensapresidencialvenezuela.gob.ve\/index.php\/wp-json\/wp\/v2\/posts"}],"about":[{"href":"https:\/\/prensapresidencialvenezuela.gob.ve\/index.php\/wp-json\/wp\/v2\/types\/post"}],"author":[{"embeddable":true,"href":"https:\/\/prensapresidencialvenezuela.gob.ve\/index.php\/wp-json\/wp\/v2\/users\/1"}],"replies":[{"embeddable":true,"href":"https:\/\/prensapresidencialvenezuela.gob.ve\/index.php\/wp-json\/wp\/v2\/comments?post=16826"}],"version-history":[{"count":2,"href":"https:\/\/prensapresidencialvenezuela.gob.ve\/index.php\/wp-json\/wp\/v2\/posts\/16826\/revisions"}],"predecessor-version":[{"id":16829,"href":"https:\/\/prensapresidencialvenezuela.gob.ve\/index.php\/wp-json\/wp\/v2\/posts\/16826\/revisions\/16829"}],"wp:featuredmedia":[{"embeddable":true,"href":"https:\/\/prensapresidencialvenezuela.gob.ve\/index.php\/wp-json\/wp\/v2\/media\/16827"}],"wp:attachment":[{"href":"https:\/\/prensapresidencialvenezuela.gob.ve\/index.php\/wp-json\/wp\/v2\/media?parent=16826"}],"wp:term":[{"taxonomy":"category","embeddable":true,"href":"https:\/\/prensapresidencialvenezuela.gob.ve\/index.php\/wp-json\/wp\/v2\/categories?post=16826"},{"taxonomy":"post_tag","embeddable":true,"href":"https:\/\/prensapresidencialvenezuela.gob.ve\/index.php\/wp-json\/wp\/v2\/tags?post=16826"}],"curies":[{"name":"wp","href":"https:\/\/api.w.org\/{rel}","templated":true}]}}