{"id":1692,"date":"2022-04-13T17:34:00","date_gmt":"2022-04-13T17:34:00","guid":{"rendered":"http:\/\/172.27.0.121\/?p=1692"},"modified":"2022-06-29T17:36:17","modified_gmt":"2022-06-29T17:36:17","slug":"unidad-civico-militar-ira-a-una-etapa-superior","status":"publish","type":"post","link":"https:\/\/prensapresidencialvenezuela.gob.ve\/index.php\/2022\/04\/13\/unidad-civico-militar-ira-a-una-etapa-superior\/","title":{"rendered":"Unidad c\u00edvico-militar ir\u00e1 a una etapa superior"},"content":{"rendered":"\n<p><strong>Puente Rep\u00fablica, Caracas.- <\/strong>En una acci\u00f3n destinada a fortalecer la Milicia Bolivariana, el presidente de la Rep\u00fablica, Nicol\u00e1s Maduro, anunci\u00f3 el tr\u00e1nsito \u201ca una etapa superior de la fusi\u00f3n entre el pueblo y la Fuerza Armada Nacional Bolivariana (FANB)\u201d.<\/p>\n\n\n\n<p>Desde el Puente Rep\u00fablica, ubicado en Caracas, se\u00f1al\u00f3 la transformaci\u00f3n del concepto de \u201cuni\u00f3n c\u00edvico-militar a fusi\u00f3n c\u00edvico-militar\u201d, cuyo proceso encarna la necesidad de \u201casumir con fuerza y energ\u00eda todo el esp\u00edritu de la Revoluci\u00f3n de Abril\u201d.<\/p>\n\n\n\n<p>Al ratificar que la Milicia Bolivariana \u201ces expresi\u00f3n de la fusi\u00f3n c\u00edvico-militar\u201d, detall\u00f3 que se contabilizan 4 millones 500 mil hombres y mujeres en armas, de los cuales 700 mil se encuentran \u201cen ejercicio permanente, con fusil en mano\u201d dispuestos a defender el territorio nacional.<\/p>\n\n\n\n<p>Durante la Gran Marcha por el D\u00eda del Rescate de la Dignidad Nacional, el Jefe de Estado puntualiz\u00f3 que \u201cVenezuela necesita grandes cambios\u201d, raz\u00f3n por la cual convoc\u00f3 al pueblo venezolano a sumarse al proceso de transformaci\u00f3n que engloban las 3R.Nets: resistencia, renacimiento y revoluci\u00f3n.<\/p>\n\n\n\n<p>\u201cUna revoluci\u00f3n verdadera es aquella que tiene la capacidad de verse desde adentro: revolucionarse, cambiarse y adaptarse a los tiempos en los discursos, en la pol\u00edtica y en la acci\u00f3n\u201d, enfatiz\u00f3.<\/p>\n\n\n\n<p>En este sentido, reiter\u00f3 su llamado a \u201ccambiar todo lo que tenga que ser cambiado\u201d, especialmente los vicios de la corrupci\u00f3n y la burocracia que entorpecen el pleno disfrute de los derechos sociales del pueblo.<\/p>\n\n\n\n<p>\u201cA\u00fan falta mucho trecho por andar, pero lo vamos a lograr con esfuerzo propio. Llamo a los venezolanos a creer en nuestro pa\u00eds, al esfuerzo y trabajo propio para abrir las puertas de la prosperidad econ\u00f3mica, m\u00e1xima felicidad social del pueblo\u201d, recalc\u00f3.<\/p>\n\n\n\n<p><strong>Prensa Presidencial\/Karelis Gonz\u00e1lez<\/strong><\/p>\n","protected":false},"excerpt":{"rendered":"<p>Puente Rep\u00fablica, Caracas.- En una acci\u00f3n destinada a fortalecer la Milicia Bolivariana, el presidente de la Rep\u00fablica, Nicol\u00e1s Maduro, anunci\u00f3 el tr\u00e1nsito \u201ca una etapa superior de la fusi\u00f3n entre el pueblo y la Fuerza Armada Nacional Bolivariana (FANB)\u201d. Desde el Puente Rep\u00fablica, ubicado en Caracas, se\u00f1al\u00f3 la transformaci\u00f3n del concepto de \u201cuni\u00f3n c\u00edvico-militar a [&hellip;]<\/p>\n","protected":false},"author":6,"featured_media":1693,"comment_status":"open","ping_status":"open","sticky":false,"template":"","format":"standard","meta":{"footnotes":""},"categories":[7],"tags":[],"class_list":["post-1692","post","type-post","status-publish","format-standard","has-post-thumbnail","hentry","category-notas-de-prensa"],"_links":{"self":[{"href":"https:\/\/prensapresidencialvenezuela.gob.ve\/index.php\/wp-json\/wp\/v2\/posts\/1692","targetHints":{"allow":["GET"]}}],"collection":[{"href":"https:\/\/prensapresidencialvenezuela.gob.ve\/index.php\/wp-json\/wp\/v2\/posts"}],"about":[{"href":"https:\/\/prensapresidencialvenezuela.gob.ve\/index.php\/wp-json\/wp\/v2\/types\/post"}],"author":[{"embeddable":true,"href":"https:\/\/prensapresidencialvenezuela.gob.ve\/index.php\/wp-json\/wp\/v2\/users\/6"}],"replies":[{"embeddable":true,"href":"https:\/\/prensapresidencialvenezuela.gob.ve\/index.php\/wp-json\/wp\/v2\/comments?post=1692"}],"version-history":[{"count":1,"href":"https:\/\/prensapresidencialvenezuela.gob.ve\/index.php\/wp-json\/wp\/v2\/posts\/1692\/revisions"}],"predecessor-version":[{"id":1694,"href":"https:\/\/prensapresidencialvenezuela.gob.ve\/index.php\/wp-json\/wp\/v2\/posts\/1692\/revisions\/1694"}],"wp:featuredmedia":[{"embeddable":true,"href":"https:\/\/prensapresidencialvenezuela.gob.ve\/index.php\/wp-json\/wp\/v2\/media\/1693"}],"wp:attachment":[{"href":"https:\/\/prensapresidencialvenezuela.gob.ve\/index.php\/wp-json\/wp\/v2\/media?parent=1692"}],"wp:term":[{"taxonomy":"category","embeddable":true,"href":"https:\/\/prensapresidencialvenezuela.gob.ve\/index.php\/wp-json\/wp\/v2\/categories?post=1692"},{"taxonomy":"post_tag","embeddable":true,"href":"https:\/\/prensapresidencialvenezuela.gob.ve\/index.php\/wp-json\/wp\/v2\/tags?post=1692"}],"curies":[{"name":"wp","href":"https:\/\/api.w.org\/{rel}","templated":true}]}}