{"id":16931,"date":"2025-02-02T09:58:22","date_gmt":"2025-02-02T13:58:22","guid":{"rendered":"https:\/\/prensapresidencialvenezuela.gob.ve\/?p=16931"},"modified":"2025-02-02T09:58:23","modified_gmt":"2025-02-02T13:58:23","slug":"pueblo-venezolano-celebra-la-primera-consulta-popular-del-2025","status":"publish","type":"post","link":"https:\/\/prensapresidencialvenezuela.gob.ve\/index.php\/2025\/02\/02\/pueblo-venezolano-celebra-la-primera-consulta-popular-del-2025\/","title":{"rendered":"Pueblo venezolano celebra la primera Consulta Popular del 2025"},"content":{"rendered":"\n<p>Palacio de Miraflores, Caracas.- Este domingo, el presidente de la Rep\u00fablica Bolivariana de Venezuela, Nicol\u00e1s Maduro Moros, inst\u00f3 al pueblo revolucionario a ejercer su derecho al voto para elegir los proyectos comunitarios que contribuir\u00e1n al impulso de la econom\u00eda comunal y del pa\u00eds.<\/p>\n\n\n\n<p>Asimismo, el jefe de Estado record\u00f3 a trav\u00e9s de su cuenta en la red social Instagram @nicolasmaduro, que este 2 de febrero, se realiza la primera consulta del 2025, d\u00f3nde 5 mil 334 circuitos comunales del pa\u00eds, decidir\u00e1n mediante la fusi\u00f3n perfecta, la gran Consulta Popular.<\/p>\n\n\n\n<p>\u00ab\u00a1Todas y todos, a votar! Tengo los recursos para avanzar. \u00a1Comuna o nada y nada sin la comuna!\u00bb, subray\u00f3 el Presidente Maduro para colmar de fervor venezolano al pueblo.<\/p>\n\n\n\n<p>Los proyectos elegidos en est\u00e1s elecciones generales del a\u00f1o en curso, ser\u00e1n financiados por el Gobierno Nacional para as\u00ed accionar durante los pr\u00f3ximo 3 meses, las propuestas que ahora ser\u00e1n proyectos en conjunto para robustecimiento del Poder Popular.<\/p>\n\n\n\n<p>Cabe destacar que en este comicio se est\u00e1 demostrando que Venezuela vive en democracia participativa y protag\u00f3nica, ya que en esta oportunidad, cada comuna deber\u00e1 decidir por los siete proyectos que considera prioritarios en sus sectores, mediante el voto directo, secreto y universal, entre los m\u00e1s de 36 mil postulados por el pueblo de Venezuela.<\/p>\n\n\n\n<p>Prensa Presidencial\/ Irmary D\u00edaz<\/p>\n","protected":false},"excerpt":{"rendered":"<p>Palacio de Miraflores, Caracas.- Este domingo, el presidente de la Rep\u00fablica Bolivariana de Venezuela, Nicol\u00e1s Maduro Moros, inst\u00f3 al pueblo revolucionario a ejercer su derecho al voto para elegir los proyectos comunitarios que contribuir\u00e1n al impulso de la econom\u00eda comunal y del pa\u00eds. Asimismo, el jefe de Estado record\u00f3 a trav\u00e9s de su cuenta en [&hellip;]<\/p>\n","protected":false},"author":1,"featured_media":16139,"comment_status":"open","ping_status":"open","sticky":false,"template":"","format":"standard","meta":{"footnotes":""},"categories":[18,7],"tags":[38,19,27,20],"class_list":["post-16931","post","type-post","status-publish","format-standard","has-post-thumbnail","hentry","category-noticias-principales","category-notas-de-prensa","tag-diplomacia-bolivariana-de-paz","tag-nicolas-maduro","tag-revolucion-bolivariana","tag-venezuela"],"_links":{"self":[{"href":"https:\/\/prensapresidencialvenezuela.gob.ve\/index.php\/wp-json\/wp\/v2\/posts\/16931","targetHints":{"allow":["GET"]}}],"collection":[{"href":"https:\/\/prensapresidencialvenezuela.gob.ve\/index.php\/wp-json\/wp\/v2\/posts"}],"about":[{"href":"https:\/\/prensapresidencialvenezuela.gob.ve\/index.php\/wp-json\/wp\/v2\/types\/post"}],"author":[{"embeddable":true,"href":"https:\/\/prensapresidencialvenezuela.gob.ve\/index.php\/wp-json\/wp\/v2\/users\/1"}],"replies":[{"embeddable":true,"href":"https:\/\/prensapresidencialvenezuela.gob.ve\/index.php\/wp-json\/wp\/v2\/comments?post=16931"}],"version-history":[{"count":2,"href":"https:\/\/prensapresidencialvenezuela.gob.ve\/index.php\/wp-json\/wp\/v2\/posts\/16931\/revisions"}],"predecessor-version":[{"id":16933,"href":"https:\/\/prensapresidencialvenezuela.gob.ve\/index.php\/wp-json\/wp\/v2\/posts\/16931\/revisions\/16933"}],"wp:featuredmedia":[{"embeddable":true,"href":"https:\/\/prensapresidencialvenezuela.gob.ve\/index.php\/wp-json\/wp\/v2\/media\/16139"}],"wp:attachment":[{"href":"https:\/\/prensapresidencialvenezuela.gob.ve\/index.php\/wp-json\/wp\/v2\/media?parent=16931"}],"wp:term":[{"taxonomy":"category","embeddable":true,"href":"https:\/\/prensapresidencialvenezuela.gob.ve\/index.php\/wp-json\/wp\/v2\/categories?post=16931"},{"taxonomy":"post_tag","embeddable":true,"href":"https:\/\/prensapresidencialvenezuela.gob.ve\/index.php\/wp-json\/wp\/v2\/tags?post=16931"}],"curies":[{"name":"wp","href":"https:\/\/api.w.org\/{rel}","templated":true}]}}