{"id":16940,"date":"2025-02-03T13:25:33","date_gmt":"2025-02-03T17:25:33","guid":{"rendered":"https:\/\/prensapresidencialvenezuela.gob.ve\/?p=16940"},"modified":"2025-02-03T13:25:42","modified_gmt":"2025-02-03T17:25:42","slug":"xii-cumbre-alba-tcp-impulsa-agenda-de-lucha-2025-para-la-defensa-de-la-soberania-regional","status":"publish","type":"post","link":"https:\/\/prensapresidencialvenezuela.gob.ve\/index.php\/2025\/02\/03\/xii-cumbre-alba-tcp-impulsa-agenda-de-lucha-2025-para-la-defensa-de-la-soberania-regional\/","title":{"rendered":"XII Cumbre ALBA-TCP impulsa agenda de lucha 2025 para la defensa de la soberan\u00eda regional"},"content":{"rendered":"\n<p><strong>Palacio de Miraflores, Caracas.- <\/strong>El presidente de la Rep\u00fablica Bolivariana de Venezuela, Nicol\u00e1s Maduro Moros, sostuvo la XII Cumbre Extraordinaria con los pa\u00edses que conforman la Alianza Bolivariana para los Pueblos de Nuestra Am\u00e9rica \u2013 Tratado de Comercio de los Pueblos (ALBA-TCP), con el objetivo de impulsar la agenda de lucha del 2025 y la defensa de la soberan\u00eda de los pa\u00edses de Am\u00e9rica Latina y el Caribe.<\/p>\n\n\n\n<p>En esta XII Cumbre, tambi\u00e9n se abordar\u00e1 el tema sobre el respeto a los derechos humanos y la dignidad de las poblaciones migrantes y la paz, en toda Am\u00e9rica Latina y el Caribe, pues recientemente la nueva administraci\u00f3n estadounidense ha tomado decisiones que afectan a sus pueblos.<\/p>\n\n\n\n<p>Este mecanismo de integraci\u00f3n ha mantenido, desde su creaci\u00f3n, que el comandante Hugo Ch\u00e1vez y Fidel Castro Ruz previeron el alzamiento del mundo multipolar, que se consolida hoy en d\u00eda contra toda pretensi\u00f3n hegem\u00f3nica y supremacista de la derecha internacional.<\/p>\n\n\n\n<p>M\u00e1s temprano, el jefe de Estado public\u00f3 en su cuenta oficial de <em>Instagram<\/em> <em>@nicolasmaduro<\/em>, lo siguiente sobre la Cumbre Extraordinaria que se efectuar\u00e1 este lunes 3 de febrero: \u00abHoy es la Cumbre Extraordinaria y Especial de los Gobiernos y Pueblos de la ALBA-TCP, para asumir la agenda de lucha y trabajo de este a\u00f1o 2025 en defensa de la soberan\u00eda y la paz\u00bb.<\/p>\n\n\n\n<p>ALBA-TCPes una instancia de integraci\u00f3n latinoamericana y caribe\u00f1a, basada en la igualdad social de sus naciones, que toma como fundamento y epicentro, la integraci\u00f3n al ser humano, complementariedad y justicia.<\/p>\n\n\n\n<p>Adem\u00e1s el bloque unionista constituye uno de sus pilares m\u00e1s firmes e insignes, porque su consolidaci\u00f3n est\u00e1 basada en lo integral y bajo principios inalterables de cooperaci\u00f3n y solidaridad entre sus pueblos.<\/p>\n\n\n\n<p>Temas de discusi\u00f3n:<\/p>\n\n\n\n<p>La reuni\u00f3n de este lunes girar\u00e1 en torno a: Migraci\u00f3n, el respeto a los derechos humanos y dignidad de las poblaciones migrantes, y la coordinaci\u00f3n para exigir respeto a los migrantes venezolanos.<\/p>\n\n\n\n<p><strong>Prensa&nbsp; Presidencial\/Irmary D\u00edaz.<\/strong><a><\/a><strong><\/strong><\/p>\n","protected":false},"excerpt":{"rendered":"<p>Palacio de Miraflores, Caracas.- El presidente de la Rep\u00fablica Bolivariana de Venezuela, Nicol\u00e1s Maduro Moros, sostuvo la XII Cumbre Extraordinaria con los pa\u00edses que conforman la Alianza Bolivariana para los Pueblos de Nuestra Am\u00e9rica \u2013 Tratado de Comercio de los Pueblos (ALBA-TCP), con el objetivo de impulsar la agenda de lucha del 2025 y la [&hellip;]<\/p>\n","protected":false},"author":1,"featured_media":16941,"comment_status":"open","ping_status":"open","sticky":false,"template":"","format":"standard","meta":{"footnotes":""},"categories":[18,7],"tags":[180,134],"class_list":["post-16940","post","type-post","status-publish","format-standard","has-post-thumbnail","hentry","category-noticias-principales","category-notas-de-prensa","tag-alba","tag-cumbre"],"_links":{"self":[{"href":"https:\/\/prensapresidencialvenezuela.gob.ve\/index.php\/wp-json\/wp\/v2\/posts\/16940","targetHints":{"allow":["GET"]}}],"collection":[{"href":"https:\/\/prensapresidencialvenezuela.gob.ve\/index.php\/wp-json\/wp\/v2\/posts"}],"about":[{"href":"https:\/\/prensapresidencialvenezuela.gob.ve\/index.php\/wp-json\/wp\/v2\/types\/post"}],"author":[{"embeddable":true,"href":"https:\/\/prensapresidencialvenezuela.gob.ve\/index.php\/wp-json\/wp\/v2\/users\/1"}],"replies":[{"embeddable":true,"href":"https:\/\/prensapresidencialvenezuela.gob.ve\/index.php\/wp-json\/wp\/v2\/comments?post=16940"}],"version-history":[{"count":2,"href":"https:\/\/prensapresidencialvenezuela.gob.ve\/index.php\/wp-json\/wp\/v2\/posts\/16940\/revisions"}],"predecessor-version":[{"id":16943,"href":"https:\/\/prensapresidencialvenezuela.gob.ve\/index.php\/wp-json\/wp\/v2\/posts\/16940\/revisions\/16943"}],"wp:featuredmedia":[{"embeddable":true,"href":"https:\/\/prensapresidencialvenezuela.gob.ve\/index.php\/wp-json\/wp\/v2\/media\/16941"}],"wp:attachment":[{"href":"https:\/\/prensapresidencialvenezuela.gob.ve\/index.php\/wp-json\/wp\/v2\/media?parent=16940"}],"wp:term":[{"taxonomy":"category","embeddable":true,"href":"https:\/\/prensapresidencialvenezuela.gob.ve\/index.php\/wp-json\/wp\/v2\/categories?post=16940"},{"taxonomy":"post_tag","embeddable":true,"href":"https:\/\/prensapresidencialvenezuela.gob.ve\/index.php\/wp-json\/wp\/v2\/tags?post=16940"}],"curies":[{"name":"wp","href":"https:\/\/api.w.org\/{rel}","templated":true}]}}