{"id":16950,"date":"2025-02-03T15:21:20","date_gmt":"2025-02-03T19:21:20","guid":{"rendered":"https:\/\/prensapresidencialvenezuela.gob.ve\/?p=16950"},"modified":"2025-02-03T15:21:20","modified_gmt":"2025-02-03T19:21:20","slug":"bolivia-propone-en-la-cumbre-alba-tcp-que-la-onu-declare-la-migracion-como-derecho-humano","status":"publish","type":"post","link":"https:\/\/prensapresidencialvenezuela.gob.ve\/index.php\/2025\/02\/03\/bolivia-propone-en-la-cumbre-alba-tcp-que-la-onu-declare-la-migracion-como-derecho-humano\/","title":{"rendered":"Bolivia propone en la Cumbre ALBA-TCP que la ONU declare la migraci\u00f3n como derecho humano"},"content":{"rendered":"\n<p><strong>Palacio de Miraflores, Caracas<a><\/a><a>&#8211;<\/a><\/strong> El presidente del Estado Plurinacional de Bolivia, Luis Arce Catacora, tom\u00f3 la palabra en la XII Cumbre Extraordinaria de Jefes de Estado y Primeros Ministros de la ALBA-TCP, en el contexto de conmemoraci\u00f3n del 230 aniversario del natalicio del \u00abPadre de Ayacucho, Redentor de los Hijos del Sol\u00bb, Antonio Jos\u00e9 de Sucre, el Gran Mariscal de Ayacucho.<\/p>\n\n\n\n<p>Su discurso reson\u00f3 con un fuerte llamado a la unidad y a la lucha contra las injerencias externas, que amenazan la soberan\u00eda y la dignidad de nuestros pueblos.<\/p>\n\n\n\n<p>Arce centr\u00f3 sus palabras en un contundente planteamiento que gir\u00f3 en torno a que el bloque unionista promueva que la ONU fije posici\u00f3n y declare la migraci\u00f3n como un derecho humano. &nbsp;<\/p>\n\n\n\n<p>\u00abNuestra Am\u00e9rica ha estado en la mira de una superpotencia. que pretende evitar el tr\u00e1nsito hacia otro orden mundial\u00bb, afirm\u00f3 Arce Catacora, subrayando c\u00f3mo las acciones imperialistas de potencias hegem\u00f3nicas intentan frenar el avance hacia un futuro m\u00e1s justo y equitativo para la regi\u00f3n.<\/p>\n\n\n\n<p>Su declaraci\u00f3n resuena en un momento en que la diversidad de voces en Am\u00e9rica Latina busca consolidar un bloque regional, que promueva la justicia social y el respeto a la autodeterminaci\u00f3n de los pueblos.<\/p>\n\n\n\n<p>En una reflexi\u00f3n profunda sobre la crisis migratoria que aqueja a la regi\u00f3n, el presidente boliviano enfatiz\u00f3 la urgente necesidad de asegurar que \u00abm\u00e1s all\u00e1 de los acuerdos internacionales, debemos garantizar, en relaci\u00f3n a la migraci\u00f3n, los derechos humanos y evitar la criminalizaci\u00f3n\u00bb.<\/p>\n\n\n\n<p><strong>Bloque unionista impulsa declaratoria de la ONU<\/strong><\/p>\n\n\n\n<p>Este llamado no s\u00f3lo hace eco de las luchas internas en Bolivia, sino que tambi\u00e9n se extiende a la solidaridad con los migrantes que sufren diariamente debido a pol\u00edticas opresivas.<\/p>\n\n\n\n<p>\u00abComo alianza podemos impulsar, de forma multilateral, que la Organizaci\u00f3n de las Naciones Unidas declare la migraci\u00f3n como un derecho humano\u00bb, destac\u00f3 Arce.<\/p>\n\n\n\n<p>Hizo un llamado a los l\u00edderes presentes en la Cumbre para que trabajen juntos en la reivindicaci\u00f3n de derechos fundamentales. La creaci\u00f3n de un marco internacional que proteja a los migrantes se presenta como un objetivo crucial para construir sociedades m\u00e1s justas y solidarias.<\/p>\n\n\n\n<p>El presidente Arce Catacora tambi\u00e9n expres\u00f3 su indignaci\u00f3n ante las violaciones de derechos humanos que se est\u00e1n perpetrando, se\u00f1alando: \u00abHemos observado con indignaci\u00f3n c\u00f3mo desde Estados Unidos deportan a hombres y mujeres esposados\u00bb.<\/p>\n\n\n\n<p>Finalmente, volvi\u00f3 a instar a la comunidad internacional: \u00abNo podemos admitir esta violaci\u00f3n a los derechos de los migrantes. Desde esta alianza debemos exigir el respeto y seguridad. Exigir un tratamiento respetuoso y justo para nuestros connacionales\u00bb.<\/p>\n\n\n\n<p>En su discurso, Arce reforz\u00f3 su compromiso con la defensa de los derechos humanos y la soberan\u00eda, y convoca a la unidad entre las naciones de Am\u00e9rica Latina en la lucha contra la opresi\u00f3n.<\/p>\n\n\n\n<p>Con su intervenci\u00f3n en esta cumbre, el presidente Arce no solo defendi\u00f3 los derechos de los migrantes, sino que tambi\u00e9n reafirm\u00f3 el car\u00e1cter revolucionario de una Am\u00e9rica Latina que se levanta, para resistir ante el imperialismo y construir un futuro de dignidad para todos.<\/p>\n\n\n\n<p><strong>Prensa Presidencial\/ Luis Tavera<\/strong><\/p>\n","protected":false},"excerpt":{"rendered":"<p>Palacio de Miraflores, Caracas&#8211; El presidente del Estado Plurinacional de Bolivia, Luis Arce Catacora, tom\u00f3 la palabra en la XII Cumbre Extraordinaria de Jefes de Estado y Primeros Ministros de la ALBA-TCP, en el contexto de conmemoraci\u00f3n del 230 aniversario del natalicio del \u00abPadre de Ayacucho, Redentor de los Hijos del Sol\u00bb, Antonio Jos\u00e9 de [&hellip;]<\/p>\n","protected":false},"author":1,"featured_media":16951,"comment_status":"open","ping_status":"open","sticky":false,"template":"","format":"standard","meta":{"footnotes":""},"categories":[18,7],"tags":[97,935,958,29],"class_list":["post-16950","post","type-post","status-publish","format-standard","has-post-thumbnail","hentry","category-noticias-principales","category-notas-de-prensa","tag-bolivia","tag-derechos","tag-humanos","tag-onu"],"_links":{"self":[{"href":"https:\/\/prensapresidencialvenezuela.gob.ve\/index.php\/wp-json\/wp\/v2\/posts\/16950","targetHints":{"allow":["GET"]}}],"collection":[{"href":"https:\/\/prensapresidencialvenezuela.gob.ve\/index.php\/wp-json\/wp\/v2\/posts"}],"about":[{"href":"https:\/\/prensapresidencialvenezuela.gob.ve\/index.php\/wp-json\/wp\/v2\/types\/post"}],"author":[{"embeddable":true,"href":"https:\/\/prensapresidencialvenezuela.gob.ve\/index.php\/wp-json\/wp\/v2\/users\/1"}],"replies":[{"embeddable":true,"href":"https:\/\/prensapresidencialvenezuela.gob.ve\/index.php\/wp-json\/wp\/v2\/comments?post=16950"}],"version-history":[{"count":1,"href":"https:\/\/prensapresidencialvenezuela.gob.ve\/index.php\/wp-json\/wp\/v2\/posts\/16950\/revisions"}],"predecessor-version":[{"id":16952,"href":"https:\/\/prensapresidencialvenezuela.gob.ve\/index.php\/wp-json\/wp\/v2\/posts\/16950\/revisions\/16952"}],"wp:featuredmedia":[{"embeddable":true,"href":"https:\/\/prensapresidencialvenezuela.gob.ve\/index.php\/wp-json\/wp\/v2\/media\/16951"}],"wp:attachment":[{"href":"https:\/\/prensapresidencialvenezuela.gob.ve\/index.php\/wp-json\/wp\/v2\/media?parent=16950"}],"wp:term":[{"taxonomy":"category","embeddable":true,"href":"https:\/\/prensapresidencialvenezuela.gob.ve\/index.php\/wp-json\/wp\/v2\/categories?post=16950"},{"taxonomy":"post_tag","embeddable":true,"href":"https:\/\/prensapresidencialvenezuela.gob.ve\/index.php\/wp-json\/wp\/v2\/tags?post=16950"}],"curies":[{"name":"wp","href":"https:\/\/api.w.org\/{rel}","templated":true}]}}