{"id":16953,"date":"2025-02-03T15:39:16","date_gmt":"2025-02-03T19:39:16","guid":{"rendered":"https:\/\/prensapresidencialvenezuela.gob.ve\/?p=16953"},"modified":"2025-02-03T15:39:16","modified_gmt":"2025-02-03T19:39:16","slug":"diaz-canel-ratifica-que-no-hay-razon-para-la-fraudulenta-calificacion-de-cuba-como-estado-patrocinador-del-terrorismo","status":"publish","type":"post","link":"https:\/\/prensapresidencialvenezuela.gob.ve\/index.php\/2025\/02\/03\/diaz-canel-ratifica-que-no-hay-razon-para-la-fraudulenta-calificacion-de-cuba-como-estado-patrocinador-del-terrorismo\/","title":{"rendered":"D\u00edaz Canel ratifica que no hay raz\u00f3n para la fraudulenta calificaci\u00f3n de Cuba como Estado patrocinador del terrorismo"},"content":{"rendered":"\n<p><strong>Palacio de Miraflores, Caracas.- <\/strong>Durante la reuni\u00f3n extraordinaria de la Alianza Bolivariana para los pueblos de Nuestra Am\u00e9rica \u2013 Tratado de Comercio de los Pueblos (ALBA-TCP), el presidente de la Rep\u00fablica de Cuba, Miguel D\u00edaz-Canel, denunci\u00f3 que no es justo que Donald Trump haya reincorporado al pa\u00eds cubano a la lista de pa\u00edses que supuestamente promueven el terrorismo.<\/p>\n\n\n\n<p>En esta l\u00ednea, el Mandatario cubano agradeci\u00f3 a la iniciativa de la Secretar\u00eda del ALBA-TCP por tener entre los temas de discusi\u00f3n la situaci\u00f3n actual de su pa\u00eds, as\u00ed como el apoyo que ha recibido Cuba de todas las naciones que conforman el bloque.<\/p>\n\n\n\n<p>\u00abNo hay raz\u00f3n para mantener a nuestro pa\u00eds en la fraudulenta lista. Todo Latinoam\u00e9rica y el Caribe est\u00e1 bajo amenaza\u00bb, subray\u00f3 esto como una referencia a las injerencias que han sufrido todos los pa\u00edses de la ALBA-TCP.<\/p>\n\n\n\n<p>En este sentido, manifest\u00f3 que el presidente de los Estados Unidos (EE.UU.), Trump, ha manifestado un desprecio total hacia \u00abnuestros pueblos, con calificativos racistas hacia millones de inocentes por ser latinoamericanos y caribe\u00f1os\u00bb, motivo por el cual, detall\u00f3 que entre la ret\u00f3rica y desesperaci\u00f3n de los pueblos, uno de los objetivos principales a corto plazo es eliminar el asedio en contra de los pa\u00edses de Am\u00e9rica Latina y el Caribe.<\/p>\n\n\n\n<p>En este contexto, el Presidente cubano cit\u00f3 a Jos\u00e9 Mart\u00ed con la siguiente frase: \u00abNi pueblos ni hombres respetan a quien no se hace respetar\u00bb, para referir que si los pueblos de la ALBA-TCP no se hacen respetar, ninguna naci\u00f3n lo har\u00e1, por lo que dijo que los pueblos de ALBA-TCP no andar\u00e1n al paso que EE.UU. quiere imponer.<\/p>\n\n\n\n<p><strong>Deportaciones de cubanos<\/strong><\/p>\n\n\n\n<p>El presidente cubano se\u00f1al\u00f3 que llas deportaciones de sus compatriotas deben hacerse en acuerdos bilaterales que salvaguarden la soberan\u00eda del pa\u00eds y sin inmiscuirse en los asuntos internos, porque de no cumplir con estos lineamientos se \u00abestar\u00eda privando el nivel de vida de los cubanos\u201d, lo que significa \u201cun injusto orden imperante de pol\u00edtica discriminatoria\u00bb.<\/p>\n\n\n\n<p>Por esto, reiter\u00f3: \u00abHoy m\u00e1s que nunca se deben fortalecer las respuestas provenientes desde el Sur. Ser\u00e1 vital para exigir lo que por derecho nos pertenece\u00bb.<\/p>\n\n\n\n<p>D\u00edaz Canel puntualiz\u00f3 que el concepto de la unidad debe estar resaltado por los ideales&nbsp; de&nbsp; Ra\u00fal Castro, ya que&nbsp; tiene a\u00fan m\u00e1s vigente y como prioridad a la naci\u00f3n cubana, contra ofensiva imperialista.<\/p>\n\n\n\n<p><strong>IA tecnolog\u00eda transformadora<\/strong><\/p>\n\n\n\n<p>El Dignatario cubano resalt\u00f3 que la IA como tecnolog\u00eda transformadora puede ayudar a los pa\u00edses del Sur a obtener resultados positivos mediante su uso, a pesar de los desaf\u00edos que puedan tenerse y preocupaciones, por ser&nbsp; una herramienta de desarrollo tecnol\u00f3gico.<\/p>\n\n\n\n<p>Asimismo, dijo que el manejo de la IA debe estar basada en la \u00e9tica y principios&nbsp; de los pa\u00edses de ALBA-TCP, y a su vez, mencion\u00f3 que Cuba cuenta con capital humano preparado y con proyectos de centro de investigaci\u00f3n y preparaci\u00f3n, en funci\u00f3n de tributar con este tema.&nbsp;<\/p>\n\n\n\n<p><strong>Prensa Presidencial\/Irmary D\u00edaz.<\/strong><\/p>\n","protected":false},"excerpt":{"rendered":"<p>Palacio de Miraflores, Caracas.- Durante la reuni\u00f3n extraordinaria de la Alianza Bolivariana para los pueblos de Nuestra Am\u00e9rica \u2013 Tratado de Comercio de los Pueblos (ALBA-TCP), el presidente de la Rep\u00fablica de Cuba, Miguel D\u00edaz-Canel, denunci\u00f3 que no es justo que Donald Trump haya reincorporado al pa\u00eds cubano a la lista de pa\u00edses que supuestamente [&hellip;]<\/p>\n","protected":false},"author":1,"featured_media":16954,"comment_status":"open","ping_status":"open","sticky":false,"template":"","format":"standard","meta":{"footnotes":""},"categories":[18,7],"tags":[140,621,1287],"class_list":["post-16953","post","type-post","status-publish","format-standard","has-post-thumbnail","hentry","category-noticias-principales","category-notas-de-prensa","tag-cuba","tag-estado","tag-posicion"],"_links":{"self":[{"href":"https:\/\/prensapresidencialvenezuela.gob.ve\/index.php\/wp-json\/wp\/v2\/posts\/16953","targetHints":{"allow":["GET"]}}],"collection":[{"href":"https:\/\/prensapresidencialvenezuela.gob.ve\/index.php\/wp-json\/wp\/v2\/posts"}],"about":[{"href":"https:\/\/prensapresidencialvenezuela.gob.ve\/index.php\/wp-json\/wp\/v2\/types\/post"}],"author":[{"embeddable":true,"href":"https:\/\/prensapresidencialvenezuela.gob.ve\/index.php\/wp-json\/wp\/v2\/users\/1"}],"replies":[{"embeddable":true,"href":"https:\/\/prensapresidencialvenezuela.gob.ve\/index.php\/wp-json\/wp\/v2\/comments?post=16953"}],"version-history":[{"count":1,"href":"https:\/\/prensapresidencialvenezuela.gob.ve\/index.php\/wp-json\/wp\/v2\/posts\/16953\/revisions"}],"predecessor-version":[{"id":16955,"href":"https:\/\/prensapresidencialvenezuela.gob.ve\/index.php\/wp-json\/wp\/v2\/posts\/16953\/revisions\/16955"}],"wp:featuredmedia":[{"embeddable":true,"href":"https:\/\/prensapresidencialvenezuela.gob.ve\/index.php\/wp-json\/wp\/v2\/media\/16954"}],"wp:attachment":[{"href":"https:\/\/prensapresidencialvenezuela.gob.ve\/index.php\/wp-json\/wp\/v2\/media?parent=16953"}],"wp:term":[{"taxonomy":"category","embeddable":true,"href":"https:\/\/prensapresidencialvenezuela.gob.ve\/index.php\/wp-json\/wp\/v2\/categories?post=16953"},{"taxonomy":"post_tag","embeddable":true,"href":"https:\/\/prensapresidencialvenezuela.gob.ve\/index.php\/wp-json\/wp\/v2\/tags?post=16953"}],"curies":[{"name":"wp","href":"https:\/\/api.w.org\/{rel}","templated":true}]}}