{"id":16956,"date":"2025-02-03T15:47:59","date_gmt":"2025-02-03T19:47:59","guid":{"rendered":"https:\/\/prensapresidencialvenezuela.gob.ve\/?p=16956"},"modified":"2025-02-03T15:48:00","modified_gmt":"2025-02-03T19:48:00","slug":"gobierno-de-bolivia-reafirma-el-apoyo-a-cuba-en-defensa-de-los-derechos-humanos","status":"publish","type":"post","link":"https:\/\/prensapresidencialvenezuela.gob.ve\/index.php\/2025\/02\/03\/gobierno-de-bolivia-reafirma-el-apoyo-a-cuba-en-defensa-de-los-derechos-humanos\/","title":{"rendered":"Gobierno de Bolivia reafirma el apoyo a Cuba en defensa de los derechos humanos"},"content":{"rendered":"\n<p><a><\/a><a><strong>Palacio de Miraflores, Caraca.-<\/strong> El presidente de Bolivia, Luis Arce Catacora, durante su intervenci\u00f3n en la XII Cumbre Extraordinaria de Jefes de Estado y de Gobierno de la Alianza Bolivariana para los Pueblos de Nuestra Am\u00e9rica-Tratado de Comercio de los Pueblos (ALBA-TCP), manifest\u00f3 el llamado a la unidad regional frente a las injerencias imperialistas y en defensa de los derechos humanos de los migrantes.&nbsp;<\/a><\/p>\n\n\n\n<p>En un discurso, cargado de firmeza revolucionaria, Arce conden\u00f3 las pol\u00edticas opresivas de Estados Unidos, en particular el plan de convertir la base naval de Guant\u00e1namo en un centro de detenci\u00f3n para migrantes.<\/p>\n\n\n\n<p><strong>Solidaridad como pilar de la integraci\u00f3n latinoamericana<\/strong><\/p>\n\n\n\n<p>\u00abNos unimos a la protesta de Cuba ante esta nueva afrenta contra los derechos humanos. No podemos permitir que se utilice un territorio ilegalmente ocupado para violar la dignidad de nuestros hermanos migrantes\u00bb, declar\u00f3 el mandatario boliviano.<\/p>\n\n\n\n<p>El presidente tambi\u00e9n abord\u00f3 el tema de las tecnolog\u00edas emergentes, destacando la necesidad de un enfoque colectivo y organizado para el desarrollo de la inteligencia artificial en la regi\u00f3n.<\/p>\n\n\n\n<p>\u00abLa inteligencia artificial no es intr\u00ednsecamente negativa, pero su uso debe estar al servicio de los pueblos, no de los intereses de las potencias hegem\u00f3nicas\u00bb, se\u00f1al\u00f3, en referencia a los acuerdos alcanzados en la XXIV Cumbre de la ALBA-TCP sobre innovaci\u00f3n tecnol\u00f3gica.<\/p>\n\n\n\n<p>En su mensaje final, Arce resalt\u00f3 la importancia hist\u00f3rica de la solidaridad como pilar fundamental de la integraci\u00f3n latinoamericana y caribe\u00f1a.<\/p>\n\n\n\n<p>&nbsp;\u00abNuestra regi\u00f3n ha resistido siglos de saqueos, imposiciones y fronteras artificiales, dise\u00f1adas para dividirnos. Hoy tenemos la oportunidad de demostrar que la unidad no es una utop\u00eda, sino una herramienta poderosa para construir un futuro de justicia y soberan\u00eda\u00bb, concluy\u00f3.&nbsp;<\/p>\n\n\n\n<p>Con su intervenci\u00f3n, el presidente boliviano reafirm\u00f3 el compromiso de Bolivia con la lucha contra el imperialismo y la defensa de los derechos humanos, consolidando su posici\u00f3n como una voz l\u00edder en la construcci\u00f3n de un nuevo orden mundial, basado en la equidad y la autodeterminaci\u00f3n de los pueblos.&nbsp;<\/p>\n\n\n\n<p><strong>Prensa Presidencial\/ Luis Tavera<\/strong><\/p>\n","protected":false},"excerpt":{"rendered":"<p>Palacio de Miraflores, Caraca.- El presidente de Bolivia, Luis Arce Catacora, durante su intervenci\u00f3n en la XII Cumbre Extraordinaria de Jefes de Estado y de Gobierno de la Alianza Bolivariana para los Pueblos de Nuestra Am\u00e9rica-Tratado de Comercio de los Pueblos (ALBA-TCP), manifest\u00f3 el llamado a la unidad regional frente a las injerencias imperialistas y [&hellip;]<\/p>\n","protected":false},"author":1,"featured_media":16957,"comment_status":"open","ping_status":"open","sticky":false,"template":"","format":"standard","meta":{"footnotes":""},"categories":[18,7],"tags":[97,140,528],"class_list":["post-16956","post","type-post","status-publish","format-standard","has-post-thumbnail","hentry","category-noticias-principales","category-notas-de-prensa","tag-bolivia","tag-cuba","tag-defensa"],"_links":{"self":[{"href":"https:\/\/prensapresidencialvenezuela.gob.ve\/index.php\/wp-json\/wp\/v2\/posts\/16956","targetHints":{"allow":["GET"]}}],"collection":[{"href":"https:\/\/prensapresidencialvenezuela.gob.ve\/index.php\/wp-json\/wp\/v2\/posts"}],"about":[{"href":"https:\/\/prensapresidencialvenezuela.gob.ve\/index.php\/wp-json\/wp\/v2\/types\/post"}],"author":[{"embeddable":true,"href":"https:\/\/prensapresidencialvenezuela.gob.ve\/index.php\/wp-json\/wp\/v2\/users\/1"}],"replies":[{"embeddable":true,"href":"https:\/\/prensapresidencialvenezuela.gob.ve\/index.php\/wp-json\/wp\/v2\/comments?post=16956"}],"version-history":[{"count":1,"href":"https:\/\/prensapresidencialvenezuela.gob.ve\/index.php\/wp-json\/wp\/v2\/posts\/16956\/revisions"}],"predecessor-version":[{"id":16958,"href":"https:\/\/prensapresidencialvenezuela.gob.ve\/index.php\/wp-json\/wp\/v2\/posts\/16956\/revisions\/16958"}],"wp:featuredmedia":[{"embeddable":true,"href":"https:\/\/prensapresidencialvenezuela.gob.ve\/index.php\/wp-json\/wp\/v2\/media\/16957"}],"wp:attachment":[{"href":"https:\/\/prensapresidencialvenezuela.gob.ve\/index.php\/wp-json\/wp\/v2\/media?parent=16956"}],"wp:term":[{"taxonomy":"category","embeddable":true,"href":"https:\/\/prensapresidencialvenezuela.gob.ve\/index.php\/wp-json\/wp\/v2\/categories?post=16956"},{"taxonomy":"post_tag","embeddable":true,"href":"https:\/\/prensapresidencialvenezuela.gob.ve\/index.php\/wp-json\/wp\/v2\/tags?post=16956"}],"curies":[{"name":"wp","href":"https:\/\/api.w.org\/{rel}","templated":true}]}}