{"id":16972,"date":"2025-02-03T17:31:24","date_gmt":"2025-02-03T21:31:24","guid":{"rendered":"https:\/\/prensapresidencialvenezuela.gob.ve\/?p=16972"},"modified":"2025-02-03T17:31:25","modified_gmt":"2025-02-03T21:31:25","slug":"gobierno-de-nicaragua-resalta-el-legado-de-chavez-y-castro-en-la-lucha-por-el-desarrollo-regional","status":"publish","type":"post","link":"https:\/\/prensapresidencialvenezuela.gob.ve\/index.php\/2025\/02\/03\/gobierno-de-nicaragua-resalta-el-legado-de-chavez-y-castro-en-la-lucha-por-el-desarrollo-regional\/","title":{"rendered":"Gobierno de Nicaragua resalta el legado de Ch\u00e1vez y Castro en la lucha por el desarrollo regional"},"content":{"rendered":"\n<p><strong>Palacio de Miraflores, Caracas.-<a><\/a><a> <\/a><\/strong>En un mensaje dirigido a los Jefes de Estado y Primeros Ministros que integran la Alianza Bolivariana para los Pueblos de Nuestra Am\u00e9rica &#8211; Tratado de Comercio de los Pueblos (ALBA-TCP), el presidente de Nicaragua, Daniel Ortega, hizo un llamado a la defensa de los pueblos afectados por las pol\u00edticas migratorias implementadas por naciones imperiales.<\/p>\n\n\n\n<p>Ortega subray\u00f3 la importancia de respetar los derechos humanos de todos los ciudadanos, particularmente aquellos en Am\u00e9rica Latina y el Caribe.<\/p>\n\n\n\n<p>Durante su intervenci\u00f3n en la XII Cumbre Extraordinaria del ALBA-TCP, Ortega expres\u00f3 la necesidad urgente de solidarizarse con aquellos que sufren el impacto negativo de pol\u00edticas migratorias.<\/p>\n\n\n\n<p>Destac\u00f3 la situaci\u00f3n de inmigrantes que han vivido durante a\u00f1os en Estados Unidos. Su discurso reson\u00f3 con un fuerte sentido de urgencia y compromiso hacia la defensa de los derechos de los inmigrantes.<\/p>\n\n\n\n<p>\u00abDefender a todos los ciudadanos de este planeta es primordial, y en primer lugar, debemos proteger a los ciudadanos de Am\u00e9rica Latina y el Caribe\u00bb, afirm\u00f3 Ortega, instando a los miembros de la Alianza a adoptar una postura activa en la protecci\u00f3n de estos derechos.<\/p>\n\n\n\n<p><strong>Fuerza de la conciencia y la dignidad<\/strong><\/p>\n\n\n\n<p>El presidente nicarag\u00fcense resalt\u00f3 que la verdadera fortaleza de la ALBA-TCP radica en la conciencia y dignidad de sus pueblos. Contrapuso esta fortaleza con las t\u00e1cticas imperialistas del gobierno de Estados Unidos, que, a su juicio, han sido perjudiciales para las naciones latinoamericanas y caribe\u00f1as.<\/p>\n\n\n\n<p>\u00abContamos con un arma m\u00e1s poderosa que cualquier dispositivo at\u00f3mico: la conciencia y la dignidad de nuestros pueblos\u00bb, enfatiz\u00f3 Ortega, recordando con admiraci\u00f3n la figura del comandante Hugo Ch\u00e1vez y su legado junto a Fidel Castro al fundar el ALBA. La alianza, seg\u00fan Ortega, busca unir a los pueblos en un esfuerzo por superar las dificultades y construir un futuro m\u00e1s justo.<\/p>\n\n\n\n<p><strong>Proyectos para el desarrollo compartido<\/strong><\/p>\n\n\n\n<p>Adem\u00e1s, el Mandatario destac\u00f3 la importancia de desarrollar proyectos que generen empleo y producci\u00f3n en la Regi\u00f3n. Subray\u00f3 que estos objetivos se logran mediante una estrategia fundamentada en la paz y la generosidad, en contraposici\u00f3n a la dominaci\u00f3n.<\/p>\n\n\n\n<p>Ortega concluy\u00f3 su intervenci\u00f3n recordando que tanto el Comandante Hugo Ch\u00e1vez como el l\u00edder de la Revoluci\u00f3n de Cuba, Fidel Castro, no persegu\u00edan el poder, sino que se comprometieron a ayudar y a presentar propuestas concretas para abordar las necesidades de los pueblos.<\/p>\n\n\n\n<p>\u00abEste es el esp\u00edritu que debe guiar nuestro trabajo en la ALBA\u00bb, asegur\u00f3, abogando por un enfoque pr\u00e1ctico y solidario en la agenda de la alianza.<\/p>\n\n\n\n<p><strong>Prensa Presidencial\/ Luis Tavera <\/strong><strong><\/strong><\/p>\n","protected":false},"excerpt":{"rendered":"<p>Palacio de Miraflores, Caracas.- En un mensaje dirigido a los Jefes de Estado y Primeros Ministros que integran la Alianza Bolivariana para los Pueblos de Nuestra Am\u00e9rica &#8211; Tratado de Comercio de los Pueblos (ALBA-TCP), el presidente de Nicaragua, Daniel Ortega, hizo un llamado a la defensa de los pueblos afectados por las pol\u00edticas migratorias [&hellip;]<\/p>\n","protected":false},"author":1,"featured_media":16973,"comment_status":"open","ping_status":"open","sticky":false,"template":"","format":"standard","meta":{"footnotes":""},"categories":[18,7],"tags":[692,1095,693,143],"class_list":["post-16972","post","type-post","status-publish","format-standard","has-post-thumbnail","hentry","category-noticias-principales","category-notas-de-prensa","tag-chavez","tag-fidel","tag-legado","tag-nicaragua"],"_links":{"self":[{"href":"https:\/\/prensapresidencialvenezuela.gob.ve\/index.php\/wp-json\/wp\/v2\/posts\/16972","targetHints":{"allow":["GET"]}}],"collection":[{"href":"https:\/\/prensapresidencialvenezuela.gob.ve\/index.php\/wp-json\/wp\/v2\/posts"}],"about":[{"href":"https:\/\/prensapresidencialvenezuela.gob.ve\/index.php\/wp-json\/wp\/v2\/types\/post"}],"author":[{"embeddable":true,"href":"https:\/\/prensapresidencialvenezuela.gob.ve\/index.php\/wp-json\/wp\/v2\/users\/1"}],"replies":[{"embeddable":true,"href":"https:\/\/prensapresidencialvenezuela.gob.ve\/index.php\/wp-json\/wp\/v2\/comments?post=16972"}],"version-history":[{"count":1,"href":"https:\/\/prensapresidencialvenezuela.gob.ve\/index.php\/wp-json\/wp\/v2\/posts\/16972\/revisions"}],"predecessor-version":[{"id":16974,"href":"https:\/\/prensapresidencialvenezuela.gob.ve\/index.php\/wp-json\/wp\/v2\/posts\/16972\/revisions\/16974"}],"wp:featuredmedia":[{"embeddable":true,"href":"https:\/\/prensapresidencialvenezuela.gob.ve\/index.php\/wp-json\/wp\/v2\/media\/16973"}],"wp:attachment":[{"href":"https:\/\/prensapresidencialvenezuela.gob.ve\/index.php\/wp-json\/wp\/v2\/media?parent=16972"}],"wp:term":[{"taxonomy":"category","embeddable":true,"href":"https:\/\/prensapresidencialvenezuela.gob.ve\/index.php\/wp-json\/wp\/v2\/categories?post=16972"},{"taxonomy":"post_tag","embeddable":true,"href":"https:\/\/prensapresidencialvenezuela.gob.ve\/index.php\/wp-json\/wp\/v2\/tags?post=16972"}],"curies":[{"name":"wp","href":"https:\/\/api.w.org\/{rel}","templated":true}]}}