{"id":16978,"date":"2025-02-03T18:00:06","date_gmt":"2025-02-03T22:00:06","guid":{"rendered":"https:\/\/prensapresidencialvenezuela.gob.ve\/?p=16978"},"modified":"2025-02-03T18:03:54","modified_gmt":"2025-02-03T22:03:54","slug":"proyecto-alba-azul-promueve-el-desarrollo-de-las-capacidades-pesqueras-y-acuiferas-de-los-paises-de-la-alba-tcp","status":"publish","type":"post","link":"https:\/\/prensapresidencialvenezuela.gob.ve\/index.php\/2025\/02\/03\/proyecto-alba-azul-promueve-el-desarrollo-de-las-capacidades-pesqueras-y-acuiferas-de-los-paises-de-la-alba-tcp\/","title":{"rendered":"Proyecto Alba Azul promueve el desarrollo de las capacidades pesqueras y acu\u00edferas a escala regional"},"content":{"rendered":"\n<p><strong>Palacio de Miraflores, Caracas.-<\/strong> El presidente de la Rep\u00fablica Bolivariana de Venezuela, Nicol\u00e1s Maduro Moros, propuso ante la Alianza Bolivariana para los pueblos de Nuestra Am\u00e9rica \u2013 Tratado de Comercio de los Pueblos (ALBA-TCP), la creaci\u00f3n del Proyecto Alba Azul, para el desarrollo de las capacidades pesqueras y acu\u00edferas de los pa\u00edses que conforman el bloque.&nbsp;<\/p>\n\n\n\n<p>En este orden de ideas, el Mandatario venezolano a\u00f1adi\u00f3 que para ello se propone la conformaci\u00f3n de una flota pesquera ALBA-TCP, como una empresa de capacidad de desarrollo y expansi\u00f3n, y, a su vez, subray\u00f3 la necesidad de la homologaci\u00f3n de los certificados sanitarios de producci\u00f3n y exportaci\u00f3n de productos pesqueros y acu\u00edcolas.<\/p>\n\n\n\n<p>Adem\u00e1s, el Dignatario destac\u00f3 la realizaci\u00f3n del Primer Encuentro de <a><\/a>Investigadores y Cient\u00edficos en materia pesquera y acu\u00edcola de la ALBA-TCP, en cada uno de los pa\u00edses.<\/p>\n\n\n\n<p>El sector pesquero tiene una presencia importante en los mercados de cada regi\u00f3n de Venezuela y en las comunidades pesqueras, por lo que inst\u00f3 a seguir incrementando la pesca en t\u00e9rminos sostenibles y el impulso de la Acuicultura.<\/p>\n\n\n\n<p>En contexto, en el mes de enero de este a\u00f1o, el ministro del Poder Popular para la Pesca y Acuicultura, Juan Carlos Loyo, inform\u00f3 que las exportaciones crecieron 15%, y han llegado a 33 destinos internacionales, gracias a las medidas implementadas &nbsp;por el presidente Nicol\u00e1s Maduro.<\/p>\n\n\n\n<p><strong>Prensa Presidencial\/Irmary D\u00edaz.<\/strong><\/p>\n","protected":false},"excerpt":{"rendered":"<p>Palacio de Miraflores, Caracas.- El presidente de la Rep\u00fablica Bolivariana de Venezuela, Nicol\u00e1s Maduro Moros, propuso ante la Alianza Bolivariana para los pueblos de Nuestra Am\u00e9rica \u2013 Tratado de Comercio de los Pueblos (ALBA-TCP), la creaci\u00f3n del Proyecto Alba Azul, para el desarrollo de las capacidades pesqueras y acu\u00edferas de los pa\u00edses que conforman el [&hellip;]<\/p>\n","protected":false},"author":1,"featured_media":16979,"comment_status":"open","ping_status":"open","sticky":false,"template":"","format":"standard","meta":{"footnotes":""},"categories":[18,7],"tags":[180,1294,1295,843],"class_list":["post-16978","post","type-post","status-publish","format-standard","has-post-thumbnail","hentry","category-noticias-principales","category-notas-de-prensa","tag-alba","tag-azul","tag-desarrollo","tag-paises"],"_links":{"self":[{"href":"https:\/\/prensapresidencialvenezuela.gob.ve\/index.php\/wp-json\/wp\/v2\/posts\/16978","targetHints":{"allow":["GET"]}}],"collection":[{"href":"https:\/\/prensapresidencialvenezuela.gob.ve\/index.php\/wp-json\/wp\/v2\/posts"}],"about":[{"href":"https:\/\/prensapresidencialvenezuela.gob.ve\/index.php\/wp-json\/wp\/v2\/types\/post"}],"author":[{"embeddable":true,"href":"https:\/\/prensapresidencialvenezuela.gob.ve\/index.php\/wp-json\/wp\/v2\/users\/1"}],"replies":[{"embeddable":true,"href":"https:\/\/prensapresidencialvenezuela.gob.ve\/index.php\/wp-json\/wp\/v2\/comments?post=16978"}],"version-history":[{"count":2,"href":"https:\/\/prensapresidencialvenezuela.gob.ve\/index.php\/wp-json\/wp\/v2\/posts\/16978\/revisions"}],"predecessor-version":[{"id":16981,"href":"https:\/\/prensapresidencialvenezuela.gob.ve\/index.php\/wp-json\/wp\/v2\/posts\/16978\/revisions\/16981"}],"wp:featuredmedia":[{"embeddable":true,"href":"https:\/\/prensapresidencialvenezuela.gob.ve\/index.php\/wp-json\/wp\/v2\/media\/16979"}],"wp:attachment":[{"href":"https:\/\/prensapresidencialvenezuela.gob.ve\/index.php\/wp-json\/wp\/v2\/media?parent=16978"}],"wp:term":[{"taxonomy":"category","embeddable":true,"href":"https:\/\/prensapresidencialvenezuela.gob.ve\/index.php\/wp-json\/wp\/v2\/categories?post=16978"},{"taxonomy":"post_tag","embeddable":true,"href":"https:\/\/prensapresidencialvenezuela.gob.ve\/index.php\/wp-json\/wp\/v2\/tags?post=16978"}],"curies":[{"name":"wp","href":"https:\/\/api.w.org\/{rel}","templated":true}]}}