{"id":16982,"date":"2025-02-03T18:14:32","date_gmt":"2025-02-03T22:14:32","guid":{"rendered":"https:\/\/prensapresidencialvenezuela.gob.ve\/?p=16982"},"modified":"2025-02-03T18:36:06","modified_gmt":"2025-02-03T22:36:06","slug":"ia-ampliara-las-potencialidades-economicas-de-las-naciones-alba","status":"publish","type":"post","link":"https:\/\/prensapresidencialvenezuela.gob.ve\/index.php\/2025\/02\/03\/ia-ampliara-las-potencialidades-economicas-de-las-naciones-alba\/","title":{"rendered":"IA ampliar\u00e1 las potencialidades econ\u00f3micas de las naciones ALBA"},"content":{"rendered":"\n<p><strong>Palacio de Miraflores, Caracas.-<\/strong> Durante la Cumbre Extraordinaria de la Alianza Bolivariana para los pueblos de Nuestra Am\u00e9rica \u2013 Tratado de Comercio de los Pueblos (ALBA-TCP), el presidente de la Rep\u00fablica Bolivariana de Venezuela, Nicol\u00e1s Maduro, reiter\u00f3 la necesidad de impulsar proyectos como el Agro- ALBA y la aplicaci\u00f3n masiva de la inteligencia artificial, para ampliarlas potencialidades econ\u00f3micas de las naciones que la conforman.<\/p>\n\n\n\n<p>En la reuni\u00f3n extraordinaria de jefes de Estado del ALBA-TCP, a\u00f1adi\u00f3 que esta propuesta est\u00e1 basada en la garant\u00eda alimentaria de los pueblos de Am\u00e9rica Latina y el Caribe, por lo que se\u00f1al\u00f3, que a pesar de no tener a\u00fan la sede en la que la realizar\u00e1, est\u00e1n planteados algunos pa\u00edses como Cuba, Nicaragua y Bolivia.<\/p>\n\n\n\n<p>En esa l\u00ednea, agreg\u00f3 que a trav\u00e9s del Banco de la Alba se han conseguido los recursos para este proyecto, y, en este momento, ya se est\u00e1 adquiriendo un gran barco de propiedad colectiva de la ALBA-TCP, de transporte, de alimentos, con capacidad de refrigeraci\u00f3n.<\/p>\n\n\n\n<p>Por otra parte, el Mandatario venezolano rememor\u00f3: \u00abA nosotros nos robaron un avi\u00f3n que le pertenec\u00eda a la ALBA-TCP, porque si es de Venezuela es de la ALBA-TCP, no los destruyeron, lo descuartizaron, era el avi\u00f3n para el apoyo humanitario No olvidemos jam\u00e1s las agresiones\u00bb.<\/p>\n\n\n\n<p>En este sentido, acentu\u00f3 que actualmente se est\u00e1 adquiriendo un avi\u00f3n para carga comercial, por lo que hizo \u00e9nfasis en el avance de la flota pesquera y hacer una flota de carga para la integraci\u00f3n.<\/p>\n\n\n\n<p>El Presidente venezolano resalt\u00f3 que este proyecto servir\u00e1 para contrarrestar el uso de transg\u00e9nicos, fertilizantes y pesticidas, que aparte de destruir a la tierra, afectan al ser humano.<\/p>\n\n\n\n<p><strong>Prensa Presidencial\/Irmary D\u00edaz.<\/strong><\/p>\n","protected":false},"excerpt":{"rendered":"<p>Palacio de Miraflores, Caracas.- Durante la Cumbre Extraordinaria de la Alianza Bolivariana para los pueblos de Nuestra Am\u00e9rica \u2013 Tratado de Comercio de los Pueblos (ALBA-TCP), el presidente de la Rep\u00fablica Bolivariana de Venezuela, Nicol\u00e1s Maduro, reiter\u00f3 la necesidad de impulsar proyectos como el Agro- ALBA y la aplicaci\u00f3n masiva de la inteligencia artificial, para [&hellip;]<\/p>\n","protected":false},"author":1,"featured_media":16991,"comment_status":"open","ping_status":"open","sticky":false,"template":"","format":"standard","meta":{"footnotes":""},"categories":[18,7],"tags":[180,465,1285,1296],"class_list":["post-16982","post","type-post","status-publish","format-standard","has-post-thumbnail","hentry","category-noticias-principales","category-notas-de-prensa","tag-alba","tag-economia","tag-ia","tag-potencialidad"],"_links":{"self":[{"href":"https:\/\/prensapresidencialvenezuela.gob.ve\/index.php\/wp-json\/wp\/v2\/posts\/16982","targetHints":{"allow":["GET"]}}],"collection":[{"href":"https:\/\/prensapresidencialvenezuela.gob.ve\/index.php\/wp-json\/wp\/v2\/posts"}],"about":[{"href":"https:\/\/prensapresidencialvenezuela.gob.ve\/index.php\/wp-json\/wp\/v2\/types\/post"}],"author":[{"embeddable":true,"href":"https:\/\/prensapresidencialvenezuela.gob.ve\/index.php\/wp-json\/wp\/v2\/users\/1"}],"replies":[{"embeddable":true,"href":"https:\/\/prensapresidencialvenezuela.gob.ve\/index.php\/wp-json\/wp\/v2\/comments?post=16982"}],"version-history":[{"count":1,"href":"https:\/\/prensapresidencialvenezuela.gob.ve\/index.php\/wp-json\/wp\/v2\/posts\/16982\/revisions"}],"predecessor-version":[{"id":16984,"href":"https:\/\/prensapresidencialvenezuela.gob.ve\/index.php\/wp-json\/wp\/v2\/posts\/16982\/revisions\/16984"}],"wp:featuredmedia":[{"embeddable":true,"href":"https:\/\/prensapresidencialvenezuela.gob.ve\/index.php\/wp-json\/wp\/v2\/media\/16991"}],"wp:attachment":[{"href":"https:\/\/prensapresidencialvenezuela.gob.ve\/index.php\/wp-json\/wp\/v2\/media?parent=16982"}],"wp:term":[{"taxonomy":"category","embeddable":true,"href":"https:\/\/prensapresidencialvenezuela.gob.ve\/index.php\/wp-json\/wp\/v2\/categories?post=16982"},{"taxonomy":"post_tag","embeddable":true,"href":"https:\/\/prensapresidencialvenezuela.gob.ve\/index.php\/wp-json\/wp\/v2\/tags?post=16982"}],"curies":[{"name":"wp","href":"https:\/\/api.w.org\/{rel}","templated":true}]}}