{"id":16985,"date":"2025-02-03T18:24:18","date_gmt":"2025-02-03T22:24:18","guid":{"rendered":"https:\/\/prensapresidencialvenezuela.gob.ve\/?p=16985"},"modified":"2025-02-03T18:24:18","modified_gmt":"2025-02-03T22:24:18","slug":"banco-del-alba-vigoriza-su-accionar-para-avanzar-en-la-soberania-alimentaria-de-la-instancia-integradora","status":"publish","type":"post","link":"https:\/\/prensapresidencialvenezuela.gob.ve\/index.php\/2025\/02\/03\/banco-del-alba-vigoriza-su-accionar-para-avanzar-en-la-soberania-alimentaria-de-la-instancia-integradora\/","title":{"rendered":"Banco del Alba vigoriza su accionar para avanzar en la soberan\u00eda alimentaria de la instancia integradora"},"content":{"rendered":"\n<p><strong>Palacio de Miraflores, Caracas.-<\/strong> Durante la Cumbre Extraordinaria de la Alianza Bolivariana para los pueblos de Nuestra Am\u00e9rica \u2013 Tratado de Comercio de los Pueblos (ALBA-TCP), el presidente de la Rep\u00fablica Bolivariana de Venezuela, Nicol\u00e1s Maduro Moros, inform\u00f3 que a trav\u00e9s del Banco de la Alba se han conseguido los recursos para el impulso del proyecto Agro-ALBA.<\/p>\n\n\n\n<p>Asimismo, el Dignatario venezolano indic\u00f3 que en este momento ya se est\u00e1 adquiriendo un gran barco que es propiedad colectiva del ALBA-TCP, de transporte de alimentos y que cuenta con capacidad de refrigeraci\u00f3n.<\/p>\n\n\n\n<p>El Mandatario venezolano rememor\u00f3, en este contexto, lo siguiente: \u00abA nosotros nos robaron un avi\u00f3n que le pertenec\u00eda al ALBA-TCP, porque si es de Venezuela es del ALBA-TCP (sic), no los destruyeron, lo descuartizaron, era el avi\u00f3n para el apoyo humanitario. No olvidemos jam\u00e1s las agresiones\u00bb.<\/p>\n\n\n\n<p>En este sentido, acentu\u00f3 que actualmente se est\u00e1 adquiriendo un avi\u00f3n para carga comercial, por lo que hizo \u00e9nfasis en el avance de la flota pesquera, y hacer una flota de carga para la integraci\u00f3n.<\/p>\n\n\n\n<p><strong>Agro-ALBA ser\u00e1 potenciada con inteligencia artificial<\/strong><\/p>\n\n\n\n<p>Con relaci\u00f3n al proyecto Agro-ALBA y el objetivo de impulsar proyectos impulsados por la alianza, se\u00f1al\u00f3 que es importante la aplicaci\u00f3n masiva de la inteligencia artificial para enaltecer las potencialidades econ\u00f3micas del mismo en las naciones que conforman el bloque.<\/p>\n\n\n\n<p><strong>Prensa Presidencial\/Irmary D\u00edaz. <\/strong><strong><\/strong><\/p>\n","protected":false},"excerpt":{"rendered":"<p>Palacio de Miraflores, Caracas.- Durante la Cumbre Extraordinaria de la Alianza Bolivariana para los pueblos de Nuestra Am\u00e9rica \u2013 Tratado de Comercio de los Pueblos (ALBA-TCP), el presidente de la Rep\u00fablica Bolivariana de Venezuela, Nicol\u00e1s Maduro Moros, inform\u00f3 que a trav\u00e9s del Banco de la Alba se han conseguido los recursos para el impulso del [&hellip;]<\/p>\n","protected":false},"author":1,"featured_media":16986,"comment_status":"open","ping_status":"open","sticky":false,"template":"","format":"standard","meta":{"footnotes":""},"categories":[18,7],"tags":[180,1297,499],"class_list":["post-16985","post","type-post","status-publish","format-standard","has-post-thumbnail","hentry","category-noticias-principales","category-notas-de-prensa","tag-alba","tag-banco","tag-soberania"],"_links":{"self":[{"href":"https:\/\/prensapresidencialvenezuela.gob.ve\/index.php\/wp-json\/wp\/v2\/posts\/16985","targetHints":{"allow":["GET"]}}],"collection":[{"href":"https:\/\/prensapresidencialvenezuela.gob.ve\/index.php\/wp-json\/wp\/v2\/posts"}],"about":[{"href":"https:\/\/prensapresidencialvenezuela.gob.ve\/index.php\/wp-json\/wp\/v2\/types\/post"}],"author":[{"embeddable":true,"href":"https:\/\/prensapresidencialvenezuela.gob.ve\/index.php\/wp-json\/wp\/v2\/users\/1"}],"replies":[{"embeddable":true,"href":"https:\/\/prensapresidencialvenezuela.gob.ve\/index.php\/wp-json\/wp\/v2\/comments?post=16985"}],"version-history":[{"count":2,"href":"https:\/\/prensapresidencialvenezuela.gob.ve\/index.php\/wp-json\/wp\/v2\/posts\/16985\/revisions"}],"predecessor-version":[{"id":16988,"href":"https:\/\/prensapresidencialvenezuela.gob.ve\/index.php\/wp-json\/wp\/v2\/posts\/16985\/revisions\/16988"}],"wp:featuredmedia":[{"embeddable":true,"href":"https:\/\/prensapresidencialvenezuela.gob.ve\/index.php\/wp-json\/wp\/v2\/media\/16986"}],"wp:attachment":[{"href":"https:\/\/prensapresidencialvenezuela.gob.ve\/index.php\/wp-json\/wp\/v2\/media?parent=16985"}],"wp:term":[{"taxonomy":"category","embeddable":true,"href":"https:\/\/prensapresidencialvenezuela.gob.ve\/index.php\/wp-json\/wp\/v2\/categories?post=16985"},{"taxonomy":"post_tag","embeddable":true,"href":"https:\/\/prensapresidencialvenezuela.gob.ve\/index.php\/wp-json\/wp\/v2\/tags?post=16985"}],"curies":[{"name":"wp","href":"https:\/\/api.w.org\/{rel}","templated":true}]}}