{"id":16992,"date":"2025-02-03T18:47:11","date_gmt":"2025-02-03T22:47:11","guid":{"rendered":"https:\/\/prensapresidencialvenezuela.gob.ve\/?p=16992"},"modified":"2025-02-03T18:47:12","modified_gmt":"2025-02-03T22:47:12","slug":"lideres-del-alba-tcp-refuerzan-compromiso-con-la-celac-para-construir-un-mundo-pluripolar","status":"publish","type":"post","link":"https:\/\/prensapresidencialvenezuela.gob.ve\/index.php\/2025\/02\/03\/lideres-del-alba-tcp-refuerzan-compromiso-con-la-celac-para-construir-un-mundo-pluripolar\/","title":{"rendered":"L\u00edderes del ALBA-TCP refuerzan compromiso con la CELAC para construir un mundo pluripolar"},"content":{"rendered":"\n<p><a><\/a><a><strong>Palacio de Miraflores, Caracas.-<\/strong> La XXII Cumbre Extraordinaria del ALBA-TCP, que se lleva a cabo en un momento crucial para Am\u00e9rica Latina y el Caribe, se centr\u00f3 tambi\u00e9n en la revitalizaci\u00f3n de la Comunidad de Estados Latinoamericanos y Caribe\u00f1os (Celac).<\/a><\/p>\n\n\n\n<p>Los jefes de Estado y primeros ministros, resaltaron que esta iniciativa busca transformar la regi\u00f3n en un basti\u00f3n de paz, di\u00e1logo y entendimiento, comprometidos en seguir las directrices aprobadas en el encuentro del 14 de diciembre de 2024.<\/p>\n\n\n\n<p>En este escenario, el presidente Nicol\u00e1s Maduro enfatiz\u00f3 la importancia de la Celac como un frente hist\u00f3rico, que ha resistido las agresiones de potencias extranjeras y sus aliados locales.<\/p>\n\n\n\n<p>\u00abLa Celac debe ser rescatada como un esfuerzo inquebrantable despu\u00e9s de 200 a\u00f1os de luchas por la soberan\u00eda\u00bb, declar\u00f3. La reciente VI Cumbre en M\u00e9xico, que se realiz\u00f3 el 18 de septiembre de 2021, en Palacio Nacional de M\u00e9xico en la Ciudad de M\u00e9xico y fue presidida por el expresidente Manuel Andr\u00e9s L\u00f3pez Obrador, sirvi\u00f3 como ejemplo del poder de la diplomacia y la colaboraci\u00f3n entre pa\u00edses, en un contexto que ha visto a naciones como Brasil y Colombia retirar su apoyo a la Celac para sabotear su \u00e9xito.<\/p>\n\n\n\n<p><strong>Lucha por la unidad latinoamericana<\/strong><\/p>\n\n\n\n<p>\u00abHay que salvar la Celac como esfuerzo hist\u00f3rico despu\u00e9s de 200 a\u00f1os. El pr\u00f3ximo a\u00f1o en junio estaremos conmemorando los 200 a\u00f1os de la convocatoria y la realizaci\u00f3n del Congreso de Panam\u00e1, para la uni\u00f3n en un solo bloque de toda nuestra Am\u00e9rica, antes colonia y hoy en lucha por nuestra libertad\u00bb, subray\u00f3 el presidente Maduro.<\/p>\n\n\n\n<p>El Dignatario tambi\u00e9n enfatiz\u00f3 en su intervenci\u00f3n la importancia de que los pa\u00edses miembros trabajen juntos en la construcci\u00f3n de un futuro soberano, abogando por un mundo pluripolar y libre de hegemon\u00edas.<\/p>\n\n\n\n<p>\u00abNo esperemos nada sino de nosotros mismos. Hay que avanzar construyendo cimientos poderosos, estructurales de econom\u00eda funcionales e integradas, en un tiempo donde los grandes bloques van configurando un mundo que algunos llaman multipolar, nosotros le llamamos multic\u00e9ntrico y pluripolar, como nos ense\u00f1\u00f3 Ch\u00e1vez, constructores del nuevo mundo, sin hegemonismo, sin imperios, el mundo de la igualdad\u00bb.<\/p>\n\n\n\n<p>La XII Cumbre de la ALBA-TCP marca un hito en el trabajo conjunto de los pa\u00edses de la regi\u00f3n. Las propuestas y compromisos asumidos se est\u00e1n documentando en tiempo real, con el objetivo de brindar un seguimiento efectivo.<\/p>\n\n\n\n<p>\u00abLa Celac es nuestro norte, y juntos lucharemos por un futuro de paz y cooperaci\u00f3n en Am\u00e9rica Latina y el Caribe\u00bb, concluy\u00f3 el presidente Maduro.<\/p>\n\n\n\n<p><strong>Prensa Presidencial\/ Luis Tavera<\/strong><\/p>\n","protected":false},"excerpt":{"rendered":"<p>Palacio de Miraflores, Caracas.- La XXII Cumbre Extraordinaria del ALBA-TCP, que se lleva a cabo en un momento crucial para Am\u00e9rica Latina y el Caribe, se centr\u00f3 tambi\u00e9n en la revitalizaci\u00f3n de la Comunidad de Estados Latinoamericanos y Caribe\u00f1os (Celac). Los jefes de Estado y primeros ministros, resaltaron que esta iniciativa busca transformar la regi\u00f3n [&hellip;]<\/p>\n","protected":false},"author":1,"featured_media":16993,"comment_status":"open","ping_status":"open","sticky":false,"template":"","format":"standard","meta":{"footnotes":""},"categories":[18,7],"tags":[117,528,909,1299],"class_list":["post-16992","post","type-post","status-publish","format-standard","has-post-thumbnail","hentry","category-noticias-principales","category-notas-de-prensa","tag-celac","tag-defensa","tag-mundo","tag-pluripolar"],"_links":{"self":[{"href":"https:\/\/prensapresidencialvenezuela.gob.ve\/index.php\/wp-json\/wp\/v2\/posts\/16992","targetHints":{"allow":["GET"]}}],"collection":[{"href":"https:\/\/prensapresidencialvenezuela.gob.ve\/index.php\/wp-json\/wp\/v2\/posts"}],"about":[{"href":"https:\/\/prensapresidencialvenezuela.gob.ve\/index.php\/wp-json\/wp\/v2\/types\/post"}],"author":[{"embeddable":true,"href":"https:\/\/prensapresidencialvenezuela.gob.ve\/index.php\/wp-json\/wp\/v2\/users\/1"}],"replies":[{"embeddable":true,"href":"https:\/\/prensapresidencialvenezuela.gob.ve\/index.php\/wp-json\/wp\/v2\/comments?post=16992"}],"version-history":[{"count":1,"href":"https:\/\/prensapresidencialvenezuela.gob.ve\/index.php\/wp-json\/wp\/v2\/posts\/16992\/revisions"}],"predecessor-version":[{"id":16994,"href":"https:\/\/prensapresidencialvenezuela.gob.ve\/index.php\/wp-json\/wp\/v2\/posts\/16992\/revisions\/16994"}],"wp:featuredmedia":[{"embeddable":true,"href":"https:\/\/prensapresidencialvenezuela.gob.ve\/index.php\/wp-json\/wp\/v2\/media\/16993"}],"wp:attachment":[{"href":"https:\/\/prensapresidencialvenezuela.gob.ve\/index.php\/wp-json\/wp\/v2\/media?parent=16992"}],"wp:term":[{"taxonomy":"category","embeddable":true,"href":"https:\/\/prensapresidencialvenezuela.gob.ve\/index.php\/wp-json\/wp\/v2\/categories?post=16992"},{"taxonomy":"post_tag","embeddable":true,"href":"https:\/\/prensapresidencialvenezuela.gob.ve\/index.php\/wp-json\/wp\/v2\/tags?post=16992"}],"curies":[{"name":"wp","href":"https:\/\/api.w.org\/{rel}","templated":true}]}}