{"id":16995,"date":"2025-02-03T18:54:48","date_gmt":"2025-02-03T22:54:48","guid":{"rendered":"https:\/\/prensapresidencialvenezuela.gob.ve\/?p=16995"},"modified":"2025-02-03T18:54:48","modified_gmt":"2025-02-03T22:54:48","slug":"en-claves-conozca-las-propuestas-que-debatio-el-alba-tcp","status":"publish","type":"post","link":"https:\/\/prensapresidencialvenezuela.gob.ve\/index.php\/2025\/02\/03\/en-claves-conozca-las-propuestas-que-debatio-el-alba-tcp\/","title":{"rendered":"En claves| Conozca las propuestas que debati\u00f3 el ALBA-TCP"},"content":{"rendered":"\n<p><strong>Palacio de Miraflores, Caracas.- <\/strong>El presidente de la Rep\u00fablica Bolivariana de Venezuela, Nicol\u00e1s Maduro Moros, resalt\u00f3 las propuestas que fueron presentadas durante la XII Cumbre Extraordinaria de la Alianza Bolivariana para los Pueblos de Nuestra Am\u00e9rica &#8211; Tratado de Comercio de los Pueblos (ALBA-TCP).<\/p>\n\n\n\n<p>Con el objetivo de impulsar la agenda de lucha del 2025 y la defensa de la soberan\u00eda de los pa\u00edses de Am\u00e9rica Latina y el Caribe, los pa\u00edses que integran la ALBA-TCP dieron a conocer las siguientes propuestas:<\/p>\n\n\n\n<ul class=\"wp-block-list\">\n<li>Los derechos humanos de migrantes, en el que se d\u00e9 cumplimiento de los est\u00e1ndares internacionales para su regreso seguro, protegido, en el caso que fuese necesario, a nuestros pa\u00edses.<\/li>\n<\/ul>\n\n\n\n<ul class=\"wp-block-list\">\n<li>Creaci\u00f3n del sistema de cr\u00e9ditos para la reinserci\u00f3n de migrantes emprendedores.<\/li>\n<\/ul>\n\n\n\n<ul class=\"wp-block-list\">\n<li>Desmantelamiento de las organizaciones criminales de tr\u00e1fico humano conocidas como \u00abCoyotes\u00bb.<\/li>\n<\/ul>\n\n\n\n<ul class=\"wp-block-list\">\n<li>Se propone la realizaci\u00f3n de la Feria Agro-ALBA.<\/li>\n<\/ul>\n\n\n\n<ul class=\"wp-block-list\">\n<li>Se propone avanzar hacia un acuerdo de transporte para proyectos econ\u00f3micos y tur\u00edsticos.<\/li>\n<\/ul>\n\n\n\n<ul class=\"wp-block-list\">\n<li>Activaci\u00f3n pr\u00e1ctica del centro de investigaci\u00f3n y de aplicaci\u00f3n de la inteligencia artificial Intra-ALBA.<\/li>\n<\/ul>\n\n\n\n<ul class=\"wp-block-list\">\n<li>Se estudie la propuesta del ALBA &#8211; Azul.<\/li>\n<\/ul>\n\n\n\n<ul class=\"wp-block-list\">\n<li>Se estar\u00eda proponiendo colocar una fecha en la primera semana de marzo, para una reuni\u00f3n en la que participen los cancilleres y los ministros de agricultura, as\u00ed como los vinculados con la pesca, la econom\u00eda, el transporte, el comercio, la energ\u00eda, la ciencia y la tecnolog\u00eda, en aras de abordar las conclusiones, las ideas de acci\u00f3n, y poder firmar los documentos de compromiso y los planes de acci\u00f3n en todos estos temas de la agenda.<\/li>\n<\/ul>\n\n\n\n<p><strong>Prensa Presidencial \/ Eduardo Hueck<\/strong><\/p>\n","protected":false},"excerpt":{"rendered":"<p>Palacio de Miraflores, Caracas.- El presidente de la Rep\u00fablica Bolivariana de Venezuela, Nicol\u00e1s Maduro Moros, resalt\u00f3 las propuestas que fueron presentadas durante la XII Cumbre Extraordinaria de la Alianza Bolivariana para los Pueblos de Nuestra Am\u00e9rica &#8211; Tratado de Comercio de los Pueblos (ALBA-TCP). Con el objetivo de impulsar la agenda de lucha del 2025 [&hellip;]<\/p>\n","protected":false},"author":1,"featured_media":16996,"comment_status":"open","ping_status":"open","sticky":false,"template":"","format":"standard","meta":{"footnotes":""},"categories":[18,7],"tags":[],"class_list":["post-16995","post","type-post","status-publish","format-standard","has-post-thumbnail","hentry","category-noticias-principales","category-notas-de-prensa"],"_links":{"self":[{"href":"https:\/\/prensapresidencialvenezuela.gob.ve\/index.php\/wp-json\/wp\/v2\/posts\/16995","targetHints":{"allow":["GET"]}}],"collection":[{"href":"https:\/\/prensapresidencialvenezuela.gob.ve\/index.php\/wp-json\/wp\/v2\/posts"}],"about":[{"href":"https:\/\/prensapresidencialvenezuela.gob.ve\/index.php\/wp-json\/wp\/v2\/types\/post"}],"author":[{"embeddable":true,"href":"https:\/\/prensapresidencialvenezuela.gob.ve\/index.php\/wp-json\/wp\/v2\/users\/1"}],"replies":[{"embeddable":true,"href":"https:\/\/prensapresidencialvenezuela.gob.ve\/index.php\/wp-json\/wp\/v2\/comments?post=16995"}],"version-history":[{"count":1,"href":"https:\/\/prensapresidencialvenezuela.gob.ve\/index.php\/wp-json\/wp\/v2\/posts\/16995\/revisions"}],"predecessor-version":[{"id":16997,"href":"https:\/\/prensapresidencialvenezuela.gob.ve\/index.php\/wp-json\/wp\/v2\/posts\/16995\/revisions\/16997"}],"wp:featuredmedia":[{"embeddable":true,"href":"https:\/\/prensapresidencialvenezuela.gob.ve\/index.php\/wp-json\/wp\/v2\/media\/16996"}],"wp:attachment":[{"href":"https:\/\/prensapresidencialvenezuela.gob.ve\/index.php\/wp-json\/wp\/v2\/media?parent=16995"}],"wp:term":[{"taxonomy":"category","embeddable":true,"href":"https:\/\/prensapresidencialvenezuela.gob.ve\/index.php\/wp-json\/wp\/v2\/categories?post=16995"},{"taxonomy":"post_tag","embeddable":true,"href":"https:\/\/prensapresidencialvenezuela.gob.ve\/index.php\/wp-json\/wp\/v2\/tags?post=16995"}],"curies":[{"name":"wp","href":"https:\/\/api.w.org\/{rel}","templated":true}]}}