{"id":16998,"date":"2025-02-03T20:22:25","date_gmt":"2025-02-04T00:22:25","guid":{"rendered":"https:\/\/prensapresidencialvenezuela.gob.ve\/?p=16998"},"modified":"2025-02-03T20:23:41","modified_gmt":"2025-02-04T00:23:41","slug":"gobierno-venezolano-elevo-ante-la-otca-el-significado-del-plan-de-las-7t","status":"publish","type":"post","link":"https:\/\/prensapresidencialvenezuela.gob.ve\/index.php\/2025\/02\/03\/gobierno-venezolano-elevo-ante-la-otca-el-significado-del-plan-de-las-7t\/","title":{"rendered":"Gobierno venezolano elev\u00f3 ante la OTCA el significado del Plan de las 7T"},"content":{"rendered":"\n<p><strong>Palacio de Miraflores, Caracas.-<\/strong> El presidente de la Rep\u00fablica Bolivariana de Venezuela, Nicol\u00e1s Maduro Moros, inform\u00f3 que el canciller de la Rep\u00fablica, Yv\u00e1n Gil, sostuvo una reuni\u00f3n con su par de Surinam, para discutir sobre la Organizaci\u00f3n del Tratado de Cooperaci\u00f3n Amaz\u00f3nica (OTCA), en la que tambi\u00e9n expuso la 6T del plan de las 7 transformaciones.<\/p>\n\n\n\n<p>En esta l\u00ednea, durante la edici\u00f3n de \u00abMaduro Live De Repente\u00bb, enfatiz\u00f3 que la sexta transformaci\u00f3n est\u00e1 basada en la ecolog\u00eda y su objetivo principal es combatir la crisis clim\u00e1tica, formar conciencia y proteger al pueblo del impacto ambiental, as\u00ed como salvaguardar la Amazon\u00eda y todas las reservas naturales de la voracidad del capitalismo depredador.<\/p>\n\n\n\n<p>\u00abEl Amazonas es nuestro, es suramericano y tenemos que seguir defendi\u00e9ndolo y protegi\u00e9ndolo. El Gran Pulm\u00f3n que garantiza el equilibrio ecol\u00f3gico del mundo\u00bb, enfatiz\u00f3 el Mandatario de la Naci\u00f3n.<\/p>\n\n\n\n<p>Asimismo, el jefe de Estado acot\u00f3 que entre los pa\u00edses que estuvieron presente en este encuentro, est\u00e1n Guyana, Brasil, Colombia, Per\u00fa, Bolivia, entre otros; naciones que se encuentran en la defensa de existencia humana, que se garantiza con la protecci\u00f3n del pulm\u00f3n amaz\u00f3nico.<\/p>\n\n\n\n<p>El canciller venezolano abord\u00f3, en esta reuni\u00f3n, el tema de la cooperaci\u00f3n regional en pro de la conservaci\u00f3n y el desarrollo sostenible de la Amazon\u00eda, el cual es un recurso vital para la humanidad, motivo por el cual, Venezuela expuso que esta sexta T del Plan de la Patria de las 7 Transformaciones, es el principio que impulsa a la naci\u00f3n venezolana a reorganizar la producci\u00f3n, con el objetivo de enfrentar de manera efectiva la crisis clim\u00e1tica.<\/p>\n\n\n\n<p><strong>Prensa Presidencial\/Irmary D\u00edaz.<\/strong><\/p>\n","protected":false},"excerpt":{"rendered":"<p>Palacio de Miraflores, Caracas.- El presidente de la Rep\u00fablica Bolivariana de Venezuela, Nicol\u00e1s Maduro Moros, inform\u00f3 que el canciller de la Rep\u00fablica, Yv\u00e1n Gil, sostuvo una reuni\u00f3n con su par de Surinam, para discutir sobre la Organizaci\u00f3n del Tratado de Cooperaci\u00f3n Amaz\u00f3nica (OTCA), en la que tambi\u00e9n expuso la 6T del plan de las 7 [&hellip;]<\/p>\n","protected":false},"author":1,"featured_media":16999,"comment_status":"open","ping_status":"open","sticky":false,"template":"","format":"standard","meta":{"footnotes":""},"categories":[18,7],"tags":[689,1300,1301],"class_list":["post-16998","post","type-post","status-publish","format-standard","has-post-thumbnail","hentry","category-noticias-principales","category-notas-de-prensa","tag-7t","tag-otca","tag-relevancia"],"_links":{"self":[{"href":"https:\/\/prensapresidencialvenezuela.gob.ve\/index.php\/wp-json\/wp\/v2\/posts\/16998","targetHints":{"allow":["GET"]}}],"collection":[{"href":"https:\/\/prensapresidencialvenezuela.gob.ve\/index.php\/wp-json\/wp\/v2\/posts"}],"about":[{"href":"https:\/\/prensapresidencialvenezuela.gob.ve\/index.php\/wp-json\/wp\/v2\/types\/post"}],"author":[{"embeddable":true,"href":"https:\/\/prensapresidencialvenezuela.gob.ve\/index.php\/wp-json\/wp\/v2\/users\/1"}],"replies":[{"embeddable":true,"href":"https:\/\/prensapresidencialvenezuela.gob.ve\/index.php\/wp-json\/wp\/v2\/comments?post=16998"}],"version-history":[{"count":2,"href":"https:\/\/prensapresidencialvenezuela.gob.ve\/index.php\/wp-json\/wp\/v2\/posts\/16998\/revisions"}],"predecessor-version":[{"id":17001,"href":"https:\/\/prensapresidencialvenezuela.gob.ve\/index.php\/wp-json\/wp\/v2\/posts\/16998\/revisions\/17001"}],"wp:featuredmedia":[{"embeddable":true,"href":"https:\/\/prensapresidencialvenezuela.gob.ve\/index.php\/wp-json\/wp\/v2\/media\/16999"}],"wp:attachment":[{"href":"https:\/\/prensapresidencialvenezuela.gob.ve\/index.php\/wp-json\/wp\/v2\/media?parent=16998"}],"wp:term":[{"taxonomy":"category","embeddable":true,"href":"https:\/\/prensapresidencialvenezuela.gob.ve\/index.php\/wp-json\/wp\/v2\/categories?post=16998"},{"taxonomy":"post_tag","embeddable":true,"href":"https:\/\/prensapresidencialvenezuela.gob.ve\/index.php\/wp-json\/wp\/v2\/tags?post=16998"}],"curies":[{"name":"wp","href":"https:\/\/api.w.org\/{rel}","templated":true}]}}