{"id":17002,"date":"2025-02-03T20:44:33","date_gmt":"2025-02-04T00:44:33","guid":{"rendered":"https:\/\/prensapresidencialvenezuela.gob.ve\/?p=17002"},"modified":"2025-02-03T20:44:33","modified_gmt":"2025-02-04T00:44:33","slug":"activan-sala-de-coordinacion-para-fortalecer-los-cuadrantes-de-paz","status":"publish","type":"post","link":"https:\/\/prensapresidencialvenezuela.gob.ve\/index.php\/2025\/02\/03\/activan-sala-de-coordinacion-para-fortalecer-los-cuadrantes-de-paz\/","title":{"rendered":"Activan sala de coordinaci\u00f3n para fortalecer los Cuadrantes de Paz"},"content":{"rendered":"\n<p><strong>Palacio de Miraflores, Caracas.-<\/strong> Durante su programa <em>Maduro Live<strong>,<\/strong><\/em> el presidente de la Rep\u00fablica Bolivariana de Venezuela, Nicol\u00e1s Maduro Moros, detall\u00f3 que el ministro del Poder Popular para Relaciones Interiores, Justicia y Paz, Diosdado Cabello Rond\u00f3n, inaugur\u00f3 una Sala de Coordinaci\u00f3n para garantizar el territorio seguro y fortalecer los Cuadrantes de Paz y la Seguridad Ciudadana en el estado Carabobo.<\/p>\n\n\n\n<p>La entrega de este centro de coordinaci\u00f3n la realiz\u00f3 de la mano del gobernador de la entidad carabobe\u00f1a, Rafael La Cava, y el secretario de Seguridad Ciudadana de Carabobo, Jes\u00fas Par\u00eds.<\/p>\n\n\n\n<p>En el desarrollo de la edici\u00f3n \u201cMaduro Live De Repente\u201d, el presidente Nicol\u00e1s Maduro cit\u00f3 al titular de la cartera de Interiores, Justicia y Paz, para ratificar que \u00aben el 2025 se cerrar\u00e1, en Venezuela, sin bandas delictivas, bandas delictivas cero\u00bb.<\/p>\n\n\n\n<p>M\u00e1s temprano, el ministro Cabello inform\u00f3 que esta infraestructura cuenta con un auditorio con amplitud para 300 personas, sala situacional estrat\u00e9gica, video-vigilancia, salas de esperas, sala de videoconferencia, gimnasio, \u00e1reas de comedor, esparcimiento, servicio de transporte y m\u00e9dico, entre otros, que servir\u00e1 como un centro de coordinaci\u00f3n y capacitaci\u00f3n para las fuerzas de seguridad del estado Carabobo.<\/p>\n\n\n\n<p>Estas acciones son implementadas en diferentes estados del pa\u00eds, con la finalidad de dar ejecuci\u00f3n a las pol\u00edticas impulsadas por el presidente Nicol\u00e1s Maduro, en pro de continuar avanzando en la construcci\u00f3n de un sistema de seguridad eficiente, basado en la proximidad, la prevenci\u00f3n y la confianza ciudadana.<\/p>\n\n\n\n<p><strong>Prensa Presidencial\/Irmary D\u00edaz.<\/strong><\/p>\n","protected":false},"excerpt":{"rendered":"<p>Palacio de Miraflores, Caracas.- Durante su programa Maduro Live, el presidente de la Rep\u00fablica Bolivariana de Venezuela, Nicol\u00e1s Maduro Moros, detall\u00f3 que el ministro del Poder Popular para Relaciones Interiores, Justicia y Paz, Diosdado Cabello Rond\u00f3n, inaugur\u00f3 una Sala de Coordinaci\u00f3n para garantizar el territorio seguro y fortalecer los Cuadrantes de Paz y la Seguridad [&hellip;]<\/p>\n","protected":false},"author":1,"featured_media":17003,"comment_status":"open","ping_status":"open","sticky":false,"template":"","format":"standard","meta":{"footnotes":""},"categories":[18,7],"tags":[1302],"class_list":["post-17002","post","type-post","status-publish","format-standard","has-post-thumbnail","hentry","category-noticias-principales","category-notas-de-prensa","tag-cuadrantes"],"_links":{"self":[{"href":"https:\/\/prensapresidencialvenezuela.gob.ve\/index.php\/wp-json\/wp\/v2\/posts\/17002","targetHints":{"allow":["GET"]}}],"collection":[{"href":"https:\/\/prensapresidencialvenezuela.gob.ve\/index.php\/wp-json\/wp\/v2\/posts"}],"about":[{"href":"https:\/\/prensapresidencialvenezuela.gob.ve\/index.php\/wp-json\/wp\/v2\/types\/post"}],"author":[{"embeddable":true,"href":"https:\/\/prensapresidencialvenezuela.gob.ve\/index.php\/wp-json\/wp\/v2\/users\/1"}],"replies":[{"embeddable":true,"href":"https:\/\/prensapresidencialvenezuela.gob.ve\/index.php\/wp-json\/wp\/v2\/comments?post=17002"}],"version-history":[{"count":2,"href":"https:\/\/prensapresidencialvenezuela.gob.ve\/index.php\/wp-json\/wp\/v2\/posts\/17002\/revisions"}],"predecessor-version":[{"id":17005,"href":"https:\/\/prensapresidencialvenezuela.gob.ve\/index.php\/wp-json\/wp\/v2\/posts\/17002\/revisions\/17005"}],"wp:featuredmedia":[{"embeddable":true,"href":"https:\/\/prensapresidencialvenezuela.gob.ve\/index.php\/wp-json\/wp\/v2\/media\/17003"}],"wp:attachment":[{"href":"https:\/\/prensapresidencialvenezuela.gob.ve\/index.php\/wp-json\/wp\/v2\/media?parent=17002"}],"wp:term":[{"taxonomy":"category","embeddable":true,"href":"https:\/\/prensapresidencialvenezuela.gob.ve\/index.php\/wp-json\/wp\/v2\/categories?post=17002"},{"taxonomy":"post_tag","embeddable":true,"href":"https:\/\/prensapresidencialvenezuela.gob.ve\/index.php\/wp-json\/wp\/v2\/tags?post=17002"}],"curies":[{"name":"wp","href":"https:\/\/api.w.org\/{rel}","templated":true}]}}