{"id":1701,"date":"2022-04-20T17:39:00","date_gmt":"2022-04-20T17:39:00","guid":{"rendered":"http:\/\/172.27.0.121\/?p=1701"},"modified":"2022-06-29T17:40:48","modified_gmt":"2022-06-29T17:40:48","slug":"venezuela-cuenta-con-un-sistema-de-produccion-de-alimentos-justo","status":"publish","type":"post","link":"https:\/\/prensapresidencialvenezuela.gob.ve\/index.php\/2022\/04\/20\/venezuela-cuenta-con-un-sistema-de-produccion-de-alimentos-justo\/","title":{"rendered":"Venezuela cuenta con un sistema de producci\u00f3n de alimentos justo"},"content":{"rendered":"\n<p><strong>Palacio de Miraflores, Caracas.- <\/strong>Este mi\u00e9rcoles el presidente de la Rep\u00fablica Bolivariana de Venezuela, Nicol\u00e1s Maduro, asegur\u00f3 que Venezuela cuenta con un sistema justo e igualitario que permite la producci\u00f3n de alimentos para el pueblo venezolano.<\/p>\n\n\n\n<p>Desde el Palacio de Miraflores, en una jornada de econom\u00eda productiva, el Mandatario nacional, destac\u00f3 que este a\u00f1o \u201ces de consolidaci\u00f3n y recuperaci\u00f3n econ\u00f3mica con esfuerzo propio planificaci\u00f3n y mente clara\u201d.<\/p>\n\n\n\n<p>En este sentido, puntualiz\u00f3 que Venezuela est\u00e1 construyendo una nueva prosperidad para el pueblo. \u201cEstamos construyendo una gran alianza poderosa de todos los sectores productivos, sociales que ven en el trabajo y el esfuerzo la manera de producir la riqueza que nuestro pa\u00eds est\u00e1 empezando a ver, a experimentar\u00bb.<\/p>\n\n\n\n<p>Al respecto, inst\u00f3 a las instituciones y distintos sectores del pa\u00eds a producir bienes y servicios, as\u00ed como tambi\u00e9n riquezas y alimentos de calidad, para distribuirlas y convertirlas en salud, educaci\u00f3n p\u00fablica, vivienda y seguridad social.<\/p>\n\n\n\n<p>\u201cTenemos el sistema para producir riquezas y distribuirlo de manera justa e igualitaria, ahora hay que ampliarlo y perfeccionarlo, tenemos que alimentarlo con esfuerzo propio basado en la nueva \u00e9poca monetaria, para ir hacia la acumulaci\u00f3n y distribuci\u00f3n de las riquezas del pa\u00eds\u201d, asever\u00f3 el Presidente.<\/p>\n\n\n\n<p>En&nbsp; ese contexto, destac\u00f3 que gracias a los Comit\u00e9s Locales de Abastecimiento y Producci\u00f3n (CLAP) y las Ferias del Campo Soberano, los hogares cuentan con los alimentos necesarios para las familias venezolanas, adem\u00e1s de la organizaci\u00f3n del Poder Popular para la distribuci\u00f3n y garant\u00eda de alimentos. \u201cLos CLAP son un milagro de Dios en la Tierra\u201d.<\/p>\n\n\n\n<p>\u201cHemos ido creando el sistema para producir, distribuir garantizar bienes, servicios y riquezas para todos los venezolanos y venezolanas. Venezuela tiene que producir el 100 por ciento de todo lo que consume. M\u00e1ximo esfuerzo para producirlo todo, planificaci\u00f3n perfecta y ejecuci\u00f3n directa\u201d, apunt\u00f3.<\/p>\n\n\n\n<p><strong>Prensa Presidencial\/Joelin Jim\u00e9nez<\/strong><\/p>\n","protected":false},"excerpt":{"rendered":"<p>Palacio de Miraflores, Caracas.- Este mi\u00e9rcoles el presidente de la Rep\u00fablica Bolivariana de Venezuela, Nicol\u00e1s Maduro, asegur\u00f3 que Venezuela cuenta con un sistema justo e igualitario que permite la producci\u00f3n de alimentos para el pueblo venezolano. Desde el Palacio de Miraflores, en una jornada de econom\u00eda productiva, el Mandatario nacional, destac\u00f3 que este a\u00f1o \u201ces [&hellip;]<\/p>\n","protected":false},"author":6,"featured_media":1702,"comment_status":"open","ping_status":"open","sticky":false,"template":"","format":"standard","meta":{"footnotes":""},"categories":[7],"tags":[],"class_list":["post-1701","post","type-post","status-publish","format-standard","has-post-thumbnail","hentry","category-notas-de-prensa"],"_links":{"self":[{"href":"https:\/\/prensapresidencialvenezuela.gob.ve\/index.php\/wp-json\/wp\/v2\/posts\/1701","targetHints":{"allow":["GET"]}}],"collection":[{"href":"https:\/\/prensapresidencialvenezuela.gob.ve\/index.php\/wp-json\/wp\/v2\/posts"}],"about":[{"href":"https:\/\/prensapresidencialvenezuela.gob.ve\/index.php\/wp-json\/wp\/v2\/types\/post"}],"author":[{"embeddable":true,"href":"https:\/\/prensapresidencialvenezuela.gob.ve\/index.php\/wp-json\/wp\/v2\/users\/6"}],"replies":[{"embeddable":true,"href":"https:\/\/prensapresidencialvenezuela.gob.ve\/index.php\/wp-json\/wp\/v2\/comments?post=1701"}],"version-history":[{"count":1,"href":"https:\/\/prensapresidencialvenezuela.gob.ve\/index.php\/wp-json\/wp\/v2\/posts\/1701\/revisions"}],"predecessor-version":[{"id":1703,"href":"https:\/\/prensapresidencialvenezuela.gob.ve\/index.php\/wp-json\/wp\/v2\/posts\/1701\/revisions\/1703"}],"wp:featuredmedia":[{"embeddable":true,"href":"https:\/\/prensapresidencialvenezuela.gob.ve\/index.php\/wp-json\/wp\/v2\/media\/1702"}],"wp:attachment":[{"href":"https:\/\/prensapresidencialvenezuela.gob.ve\/index.php\/wp-json\/wp\/v2\/media?parent=1701"}],"wp:term":[{"taxonomy":"category","embeddable":true,"href":"https:\/\/prensapresidencialvenezuela.gob.ve\/index.php\/wp-json\/wp\/v2\/categories?post=1701"},{"taxonomy":"post_tag","embeddable":true,"href":"https:\/\/prensapresidencialvenezuela.gob.ve\/index.php\/wp-json\/wp\/v2\/tags?post=1701"}],"curies":[{"name":"wp","href":"https:\/\/api.w.org\/{rel}","templated":true}]}}