{"id":17019,"date":"2025-02-03T18:58:00","date_gmt":"2025-02-03T22:58:00","guid":{"rendered":"https:\/\/prensapresidencialvenezuela.gob.ve\/?p=17019"},"modified":"2025-02-03T21:31:11","modified_gmt":"2025-02-04T01:31:11","slug":"jefe-de-estado-revelo-esquema-de-corrupcion-de-la-oposicion-fascista","status":"publish","type":"post","link":"https:\/\/prensapresidencialvenezuela.gob.ve\/index.php\/2025\/02\/03\/jefe-de-estado-revelo-esquema-de-corrupcion-de-la-oposicion-fascista\/","title":{"rendered":"Jefe de Estado revel\u00f3 esquema de corrupci\u00f3n de la oposici\u00f3n fascista"},"content":{"rendered":"\n<p><strong>Palacio de Miraflores, Caracas.-<\/strong><a><\/a><a>Durante la XII Cumbre del ALBA-TCP, el presidente Nicol\u00e1s Maduro realiz\u00f3 declaraciones contundentes acerca de la situaci\u00f3n que enfrenta Venezuela, especialmente en relaci\u00f3n con la oposici\u00f3n y las organizaciones que se han enriquecido ilegalmente.<\/a><\/p>\n\n\n\n<p>El jefe Estado enfatiz\u00f3 que la oposici\u00f3n fascista venezolana, junto con organizaciones criminales, se han lucrado enormemente bajo un sistema corrupto.<\/p>\n\n\n\n<p>Al respecto, el Mandatario propuso la creaci\u00f3n de una investigaci\u00f3n conjunta que permita desmantelar a los criminales que operan en el tr\u00e1fico de migrantes, utilizando la migraci\u00f3n como un arma pol\u00edtica para enriquecerse.<\/p>\n\n\n\n<p><strong>Trama de corrupci\u00f3n en la oposici\u00f3n<\/strong><\/p>\n\n\n\n<p>El presidente Maduro fue claro al se\u00f1alar que figuras notorias dentro de la extrema oposici\u00f3n, como Juan Guaid\u00f3 y Leopoldo L\u00f3pez, han encabezado una serie de actos delictivos que han perjudicado al pa\u00eds.<\/p>\n\n\n\n<p>El Dignatario indic\u00f3 que el fin de este enriquecimiento il\u00edcito est\u00e1 vinculado a un esquema que ha tejido un lobby en Miami para atacar a naciones soberanas como Cuba y Nicaragua.<\/p>\n\n\n\n<p>\u201cEst\u00e1n los nombres m\u00e1s importantes del bandidaje que han encabezado la conspiraci\u00f3n de la oposici\u00f3n extremista\u201d, destac\u00f3 Maduro, haciendo un llamado a la justicia y la recuperaci\u00f3n de esos fondos malversados.<\/p>\n\n\n\n<p><strong>Investigaci\u00f3n del FBI y sus implicaciones<\/strong><\/p>\n\n\n\n<p>El contexto de las declaraciones del presidente Maduro cobra mayor relevancia a la luz de la investigaci\u00f3n que ha emprendido el Bur\u00f3 Federal de Investigaciones (FBI) de Estados Unidos sobre el financiamiento de la oposici\u00f3n venezolana.<\/p>\n\n\n\n<p>La investigaci\u00f3n busca esclarecer el destino de aproximadamente mil millones de d\u00f3lares que fueron manejados entre 2018 y 2020 bajo el pretexto de \u00abayuda humanitaria\u00bb, fondos que fueron otorgados por la Agencia de Estados Unidos para el Desarrollo Internacional (USAID).<\/p>\n\n\n\n<p>Documentos filtrados de la embajada estadounidense en Venezuela indican que Carlos Vecchio, opositor fascista de la extrema derecha venezolana y actualmente pr\u00f3fugo de la justicia, habr\u00eda recibido 116 millones de d\u00f3lares a trav\u00e9s de USAID.<\/p>\n\n\n\n<p>El gobierno venezolano mantiene su posici\u00f3n de denuncia, y el primer vicepresidente&nbsp;del&nbsp;Partido Socialista Unido de Venezuela&nbsp;(Psuv),&nbsp;Diosdado Cabello Rond\u00f3n, en rueda de prensa asegur\u00f3 que \u201clos ladrones de la ultraderecha venezolana que viven en Estados Unidos est\u00e1n muy preocupados por el reciente esc\u00e1ndalo de la&nbsp;USAID\u201d, asegur\u00f3.<\/p>\n\n\n\n<p>\u201cPagaron hasta bandas de rock desde la Usaid, nadie responde, nadie sabe nada ahora; se habla que a Carlos Vecchio le entregaron 160 millones de d\u00f3lares, a Juan Guaid\u00f3 m\u00e1s de 300 y unos hablan de 700 billones, a Leopoldo L\u00f3pez es incalculable, todo el dinero de la ayuda humanitaria que se robaron no hay registro, es un desastre, la justicia va a llegar; se ha internacionalizado el tun tun\u201d, dijo Cabello.<\/p>\n\n\n\n<p><strong>Prensa Presidencial\/ Luis Tavera<\/strong><\/p>\n","protected":false},"excerpt":{"rendered":"<p>Palacio de Miraflores, Caracas.-Durante la XII Cumbre del ALBA-TCP, el presidente Nicol\u00e1s Maduro realiz\u00f3 declaraciones contundentes acerca de la situaci\u00f3n que enfrenta Venezuela, especialmente en relaci\u00f3n con la oposici\u00f3n y las organizaciones que se han enriquecido ilegalmente. El jefe Estado enfatiz\u00f3 que la oposici\u00f3n fascista venezolana, junto con organizaciones criminales, se han lucrado enormemente bajo [&hellip;]<\/p>\n","protected":false},"author":1,"featured_media":17020,"comment_status":"open","ping_status":"open","sticky":false,"template":"","format":"standard","meta":{"footnotes":""},"categories":[18,7],"tags":[1311,614,1310],"class_list":["post-17019","post","type-post","status-publish","format-standard","has-post-thumbnail","hentry","category-noticias-principales","category-notas-de-prensa","tag-esquema","tag-oposicion","tag-usaid"],"_links":{"self":[{"href":"https:\/\/prensapresidencialvenezuela.gob.ve\/index.php\/wp-json\/wp\/v2\/posts\/17019","targetHints":{"allow":["GET"]}}],"collection":[{"href":"https:\/\/prensapresidencialvenezuela.gob.ve\/index.php\/wp-json\/wp\/v2\/posts"}],"about":[{"href":"https:\/\/prensapresidencialvenezuela.gob.ve\/index.php\/wp-json\/wp\/v2\/types\/post"}],"author":[{"embeddable":true,"href":"https:\/\/prensapresidencialvenezuela.gob.ve\/index.php\/wp-json\/wp\/v2\/users\/1"}],"replies":[{"embeddable":true,"href":"https:\/\/prensapresidencialvenezuela.gob.ve\/index.php\/wp-json\/wp\/v2\/comments?post=17019"}],"version-history":[{"count":1,"href":"https:\/\/prensapresidencialvenezuela.gob.ve\/index.php\/wp-json\/wp\/v2\/posts\/17019\/revisions"}],"predecessor-version":[{"id":17021,"href":"https:\/\/prensapresidencialvenezuela.gob.ve\/index.php\/wp-json\/wp\/v2\/posts\/17019\/revisions\/17021"}],"wp:featuredmedia":[{"embeddable":true,"href":"https:\/\/prensapresidencialvenezuela.gob.ve\/index.php\/wp-json\/wp\/v2\/media\/17020"}],"wp:attachment":[{"href":"https:\/\/prensapresidencialvenezuela.gob.ve\/index.php\/wp-json\/wp\/v2\/media?parent=17019"}],"wp:term":[{"taxonomy":"category","embeddable":true,"href":"https:\/\/prensapresidencialvenezuela.gob.ve\/index.php\/wp-json\/wp\/v2\/categories?post=17019"},{"taxonomy":"post_tag","embeddable":true,"href":"https:\/\/prensapresidencialvenezuela.gob.ve\/index.php\/wp-json\/wp\/v2\/tags?post=17019"}],"curies":[{"name":"wp","href":"https:\/\/api.w.org\/{rel}","templated":true}]}}