{"id":17025,"date":"2025-02-03T22:10:26","date_gmt":"2025-02-04T02:10:26","guid":{"rendered":"https:\/\/prensapresidencialvenezuela.gob.ve\/?p=17025"},"modified":"2025-02-03T22:15:27","modified_gmt":"2025-02-04T02:15:27","slug":"lanzamiento-del-programa-de-seguridad-vial-conduce-por-la-vida-celebra-el-presidente-maduro","status":"publish","type":"post","link":"https:\/\/prensapresidencialvenezuela.gob.ve\/index.php\/2025\/02\/03\/lanzamiento-del-programa-de-seguridad-vial-conduce-por-la-vida-celebra-el-presidente-maduro\/","title":{"rendered":"Lanzamiento del programa de seguridad vial \u00a1Conduce por la vida! celebra el presidente Maduro"},"content":{"rendered":"\n<p><strong>Palacio de Miraflores, Caracas.-<\/strong> El presidente de la Rep\u00fablica Bolivariana de Venezuela, Nicol\u00e1s Maduro, aplaudi\u00f3 el lanzamiento del programa de seguridad vial \u00a1Conduce por la vida!, para disminuir accidentes de tr\u00e1nsito en el pa\u00eds, anunciado por el Fiscal General de la Rep\u00fablica, Tareck William Saab.<\/p>\n\n\n\n<p>\u201c\u00a1Que buena iniciativa!, aplaudo y celebro la iniciativa del Fiscal General\u201d, expres\u00f3 el jefe de Estado venezolano, quien aprovech\u00f3 para hacerle un llamado a todos los conductores, conductoras, motorizados y motorizadas a cuidar a la familia.<\/p>\n\n\n\n<p>El lanzamiento del programa de seguridad vial \u00a1Conduce por la vida! fue anunciado este lunes por el fiscal general de la Rep\u00fablica, en representaci\u00f3n del Ministerio P\u00fablico (MP).<\/p>\n\n\n\n<p>Tal esquema trabajar\u00e1 en conjunto con otras instituciones p\u00fablicas del pa\u00eds, en aras de neutralizar en su totalidad la incidencia de accidentes viales en el territorio venezolano.<\/p>\n\n\n\n<p><strong>Estrategia comunicacional debe sumarse<\/strong><\/p>\n\n\n\n<p>Al se\u00f1alar que es un tema que quiere tomar, el Dignatario venezolano instruy\u00f3 al ministro de Comunicaci\u00f3n e Informaci\u00f3n, Freddy \u00d1\u00e1\u00f1ez, acompa\u00f1ar esta campa\u00f1a con una poderosa cruzada comunicacional que debe llegar a las bases comuneras y a las escuelas, porque \u2013 lament\u00f3 &#8211; \u00a0se han registrado muchos accidentes de moto, cada d\u00eda,\u00a0siendo la causa principal de estos eventos, la imprudencia de los conductores.<\/p>\n\n\n\n<p><strong>La comuna y el autogobierno<\/strong><\/p>\n\n\n\n<p>Por otra parte, el presidente Maduro refiri\u00f3 que el objetivo de la Comuna es lograr el autogobierno popular, el gobierno directo. En este sentido, dijo que el gobierno nacional, municipal y el estadal tienen que ser instrumento del ciudadano.<\/p>\n\n\n\n<p>En este sentido, cuestion\u00f3: \u201c\u00bfQu\u00e9 es la democracia?. Es el poder del pueblo, del hombre y la mujer de a pie. En este cas,  el hombre y la mujer de a pie constituido en colectivo se hacen pueblo, y siendo pueblo e hacen poder\u201d.<\/p>\n\n\n\n<p>Se\u00f1al\u00f3: \u201cDios nos ha dado el privilegio de ir por el camino de Ch\u00e1vez\u201d.<\/p>\n\n\n\n<p><strong>Prensa Presidencial \/ Ana\u00eds P\u00e9rez &nbsp;<\/strong><\/p>\n","protected":false},"excerpt":{"rendered":"<p>Palacio de Miraflores, Caracas.- El presidente de la Rep\u00fablica Bolivariana de Venezuela, Nicol\u00e1s Maduro, aplaudi\u00f3 el lanzamiento del programa de seguridad vial \u00a1Conduce por la vida!, para disminuir accidentes de tr\u00e1nsito en el pa\u00eds, anunciado por el Fiscal General de la Rep\u00fablica, Tareck William Saab. \u201c\u00a1Que buena iniciativa!, aplaudo y celebro la iniciativa del Fiscal [&hellip;]<\/p>\n","protected":false},"author":1,"featured_media":17026,"comment_status":"open","ping_status":"open","sticky":false,"template":"","format":"standard","meta":{"footnotes":""},"categories":[18,7],"tags":[1046,1246,914,1312],"class_list":["post-17025","post","type-post","status-publish","format-standard","has-post-thumbnail","hentry","category-noticias-principales","category-notas-de-prensa","tag-comunicacion-2","tag-estrategia-2","tag-programa","tag-vial"],"_links":{"self":[{"href":"https:\/\/prensapresidencialvenezuela.gob.ve\/index.php\/wp-json\/wp\/v2\/posts\/17025","targetHints":{"allow":["GET"]}}],"collection":[{"href":"https:\/\/prensapresidencialvenezuela.gob.ve\/index.php\/wp-json\/wp\/v2\/posts"}],"about":[{"href":"https:\/\/prensapresidencialvenezuela.gob.ve\/index.php\/wp-json\/wp\/v2\/types\/post"}],"author":[{"embeddable":true,"href":"https:\/\/prensapresidencialvenezuela.gob.ve\/index.php\/wp-json\/wp\/v2\/users\/1"}],"replies":[{"embeddable":true,"href":"https:\/\/prensapresidencialvenezuela.gob.ve\/index.php\/wp-json\/wp\/v2\/comments?post=17025"}],"version-history":[{"count":2,"href":"https:\/\/prensapresidencialvenezuela.gob.ve\/index.php\/wp-json\/wp\/v2\/posts\/17025\/revisions"}],"predecessor-version":[{"id":17029,"href":"https:\/\/prensapresidencialvenezuela.gob.ve\/index.php\/wp-json\/wp\/v2\/posts\/17025\/revisions\/17029"}],"wp:featuredmedia":[{"embeddable":true,"href":"https:\/\/prensapresidencialvenezuela.gob.ve\/index.php\/wp-json\/wp\/v2\/media\/17026"}],"wp:attachment":[{"href":"https:\/\/prensapresidencialvenezuela.gob.ve\/index.php\/wp-json\/wp\/v2\/media?parent=17025"}],"wp:term":[{"taxonomy":"category","embeddable":true,"href":"https:\/\/prensapresidencialvenezuela.gob.ve\/index.php\/wp-json\/wp\/v2\/categories?post=17025"},{"taxonomy":"post_tag","embeddable":true,"href":"https:\/\/prensapresidencialvenezuela.gob.ve\/index.php\/wp-json\/wp\/v2\/tags?post=17025"}],"curies":[{"name":"wp","href":"https:\/\/api.w.org\/{rel}","templated":true}]}}