{"id":17030,"date":"2025-02-03T22:20:32","date_gmt":"2025-02-04T02:20:32","guid":{"rendered":"https:\/\/prensapresidencialvenezuela.gob.ve\/?p=17030"},"modified":"2025-02-03T22:20:33","modified_gmt":"2025-02-04T02:20:33","slug":"a-j-carmen-melendez-se-suma-al-equipo-del-plan-antonio-jose-de-sucre-para-transformar-a-petare","status":"publish","type":"post","link":"https:\/\/prensapresidencialvenezuela.gob.ve\/index.php\/2025\/02\/03\/a-j-carmen-melendez-se-suma-al-equipo-del-plan-antonio-jose-de-sucre-para-transformar-a-petare\/","title":{"rendered":"A\/J Carmen Mel\u00e9ndez se suma al equipo del Plan Antonio Jos\u00e9 de Sucre para transformar a Petare"},"content":{"rendered":"\n<p><strong>Palacio de Miraflores, Caracas.-<\/strong>&nbsp;La alcaldesa de Caracas, la Almiranta en Jefa Carmen Mel\u00e9ndez, se integrar\u00e1 al equipo del Plan Antonio Jos\u00e9 de Sucre, un importante proyecto que &nbsp;tiene como finalidad la revitalizaci\u00f3n y embellecimiento de la parroquia Petare, situada en el estado Miranda, as\u00ed lo anunci\u00f3 el presidente de la Rep\u00fablica Bolivariana de Venezuela, Nicol\u00e1s Maduro Moros, durante la transmisi\u00f3n de su programa <strong><em>\u00abMaduro Live\u00bb de Repente.<\/em><\/strong><\/p>\n\n\n\n<p>Este plan abarca todas las \u00e1reas del municipio Sucre y sus zonas aleda\u00f1as con el objetivo de garantizar que todos los proyectos se ejecuten en el menor tiempo posible, y de esta manera generar un cambio y la transformaci\u00f3n en Petare.<\/p>\n\n\n\n<p>En este orden, la alcaldesa Mel\u00e9ndez agradeci\u00f3 al presidente Nicol\u00e1s Maduro por su apoyo y reafirm\u00f3 su dedicaci\u00f3n a la iniciativa, expresando: \u00abCuenten con el Plan Caracas Patriota Bella y Segura\u00bb.<\/p>\n\n\n\n<p>Por su parte, Pedro Infante inform\u00f3 que sostuvo una reuni\u00f3n con la Vicepresidenta de la Rep\u00fablica Bolivariana de Venezuela, Delcy Rodr\u00edguez, y Vicepresidentes de Gobierno, ministros (as), para la revisi\u00f3n de cada una de las acciones que se ejecutar\u00e1n en diferentes comunidades, de acuerdo con el plan de las 7 Transformaciones.<\/p>\n\n\n\n<p>Estas pol\u00edticas del Gobierno Bolivariano son implementadas con la visi\u00f3n del fortalecimiento e impulso de la trasformaci\u00f3n social, salud, educaci\u00f3n, y comunalizaci\u00f3n de los Cuadrantes de Paz.<\/p>\n\n\n\n<p><strong>Prensa Presidencial\/Irmary D\u00edaz.<\/strong><\/p>\n","protected":false},"excerpt":{"rendered":"<p>Palacio de Miraflores, Caracas.-&nbsp;La alcaldesa de Caracas, la Almiranta en Jefa Carmen Mel\u00e9ndez, se integrar\u00e1 al equipo del Plan Antonio Jos\u00e9 de Sucre, un importante proyecto que &nbsp;tiene como finalidad la revitalizaci\u00f3n y embellecimiento de la parroquia Petare, situada en el estado Miranda, as\u00ed lo anunci\u00f3 el presidente de la Rep\u00fablica Bolivariana de Venezuela, Nicol\u00e1s [&hellip;]<\/p>\n","protected":false},"author":1,"featured_media":17031,"comment_status":"open","ping_status":"open","sticky":false,"template":"","format":"standard","meta":{"footnotes":""},"categories":[18,7],"tags":[1313,561,565],"class_list":["post-17030","post","type-post","status-publish","format-standard","has-post-thumbnail","hentry","category-noticias-principales","category-notas-de-prensa","tag-alcaldesa","tag-petare","tag-plan"],"_links":{"self":[{"href":"https:\/\/prensapresidencialvenezuela.gob.ve\/index.php\/wp-json\/wp\/v2\/posts\/17030","targetHints":{"allow":["GET"]}}],"collection":[{"href":"https:\/\/prensapresidencialvenezuela.gob.ve\/index.php\/wp-json\/wp\/v2\/posts"}],"about":[{"href":"https:\/\/prensapresidencialvenezuela.gob.ve\/index.php\/wp-json\/wp\/v2\/types\/post"}],"author":[{"embeddable":true,"href":"https:\/\/prensapresidencialvenezuela.gob.ve\/index.php\/wp-json\/wp\/v2\/users\/1"}],"replies":[{"embeddable":true,"href":"https:\/\/prensapresidencialvenezuela.gob.ve\/index.php\/wp-json\/wp\/v2\/comments?post=17030"}],"version-history":[{"count":1,"href":"https:\/\/prensapresidencialvenezuela.gob.ve\/index.php\/wp-json\/wp\/v2\/posts\/17030\/revisions"}],"predecessor-version":[{"id":17032,"href":"https:\/\/prensapresidencialvenezuela.gob.ve\/index.php\/wp-json\/wp\/v2\/posts\/17030\/revisions\/17032"}],"wp:featuredmedia":[{"embeddable":true,"href":"https:\/\/prensapresidencialvenezuela.gob.ve\/index.php\/wp-json\/wp\/v2\/media\/17031"}],"wp:attachment":[{"href":"https:\/\/prensapresidencialvenezuela.gob.ve\/index.php\/wp-json\/wp\/v2\/media?parent=17030"}],"wp:term":[{"taxonomy":"category","embeddable":true,"href":"https:\/\/prensapresidencialvenezuela.gob.ve\/index.php\/wp-json\/wp\/v2\/categories?post=17030"},{"taxonomy":"post_tag","embeddable":true,"href":"https:\/\/prensapresidencialvenezuela.gob.ve\/index.php\/wp-json\/wp\/v2\/tags?post=17030"}],"curies":[{"name":"wp","href":"https:\/\/api.w.org\/{rel}","templated":true}]}}