{"id":1704,"date":"2022-04-20T17:41:00","date_gmt":"2022-04-20T17:41:00","guid":{"rendered":"http:\/\/172.27.0.121\/?p=1704"},"modified":"2022-06-29T17:42:15","modified_gmt":"2022-06-29T17:42:15","slug":"venezuela-fortalece-produccion-bufalina","status":"publish","type":"post","link":"https:\/\/prensapresidencialvenezuela.gob.ve\/index.php\/2022\/04\/20\/venezuela-fortalece-produccion-bufalina\/","title":{"rendered":"Venezuela fortalece producci\u00f3n bufalina"},"content":{"rendered":"\n<p><strong>Palacio de Miraflores, Caracas.- <\/strong>Como parte de la jornada dedicada a la econom\u00eda, este mi\u00e9rcoles el presidente de la Rep\u00fablica Bolivariana de Venezuela, Nicol\u00e1s Maduro, afirm\u00f3 que Venezuela ha venido fortaleciendo las distintas \u00e1reas productivas del pa\u00eds.<\/p>\n\n\n\n<p>A trav\u00e9s de un enlace televisivo a la Empresa L\u00e1cteos Bufalinda, ubicada en el sector La Morrocoya, en el estado Monagas, el gobernador de la entidad oriental Ernesto Luna, inform\u00f3 que esta Unidad de Producci\u00f3n Agroindustrial, dedicada a la explotaci\u00f3n de la ganader\u00eda bufalina, garantiza la producci\u00f3n de carne, leche y derivados.<\/p>\n\n\n\n<p>\u201cTiene m\u00e1s de 40 a\u00f1os en este nivel de explotaci\u00f3n de ganader\u00eda, cuenta con m\u00e1s de 6 mil hect\u00e1reas con una producci\u00f3n de 2 mil orde\u00f1os diarios para producir los l\u00e1cteos y sus derivados\u201d, especific\u00f3.<\/p>\n\n\n\n<p>Esta empresa cuenta con 250 trabajadores y trabajadoras, con una producci\u00f3n aproximada de 10 mil litros de leche diaria, distribuida en tres salas de orde\u00f1o totalmente mecanizadas, que permite la extracci\u00f3n de leche dos veces al d\u00eda de 2 mil b\u00fafalas.<\/p>\n\n\n\n<p>Asimismo, produce aproximadamente 15 mil kilos de productos l\u00e1cteos generales semanalmente, los cuales son distribuidos en el oriente y parte del centro del pa\u00eds.<\/p>\n\n\n\n<p>\u201cMonagas cuenta con una ganader\u00eda bufalina que ha venido creciendo de manera sostenida en los \u00faltimos a\u00f1os, con un reba\u00f1o de 150 mil cabezas de ganado bufalino, debido a sus altos niveles de potencialidad y calidad\u201d, puntualiz\u00f3 Luna.<\/p>\n\n\n\n<p>En este sentido, asever\u00f3 que gracias a las alianzas con la empresa se logr\u00f3 contar con una gen\u00e9tica que permite la explotaci\u00f3n del sector ganadero y el fortalecimiento de la econom\u00eda de la entidad.<\/p>\n\n\n\n<p>\u201cQue nadie sabotee el proceso de recuperaci\u00f3n paulatina de la econom\u00eda, de la prosperidad, de la felicidad, de la tranquilidad y la paz venezolana\u201d, se\u00f1al\u00f3 el presidente Maduro.<\/p>\n\n\n\n<p><strong>Prensa Presidencial\/Joelin Jim\u00e9nez<\/strong><\/p>\n","protected":false},"excerpt":{"rendered":"<p>Palacio de Miraflores, Caracas.- Como parte de la jornada dedicada a la econom\u00eda, este mi\u00e9rcoles el presidente de la Rep\u00fablica Bolivariana de Venezuela, Nicol\u00e1s Maduro, afirm\u00f3 que Venezuela ha venido fortaleciendo las distintas \u00e1reas productivas del pa\u00eds. A trav\u00e9s de un enlace televisivo a la Empresa L\u00e1cteos Bufalinda, ubicada en el sector La Morrocoya, en [&hellip;]<\/p>\n","protected":false},"author":6,"featured_media":1705,"comment_status":"open","ping_status":"open","sticky":false,"template":"","format":"standard","meta":{"footnotes":""},"categories":[7],"tags":[],"class_list":["post-1704","post","type-post","status-publish","format-standard","has-post-thumbnail","hentry","category-notas-de-prensa"],"_links":{"self":[{"href":"https:\/\/prensapresidencialvenezuela.gob.ve\/index.php\/wp-json\/wp\/v2\/posts\/1704","targetHints":{"allow":["GET"]}}],"collection":[{"href":"https:\/\/prensapresidencialvenezuela.gob.ve\/index.php\/wp-json\/wp\/v2\/posts"}],"about":[{"href":"https:\/\/prensapresidencialvenezuela.gob.ve\/index.php\/wp-json\/wp\/v2\/types\/post"}],"author":[{"embeddable":true,"href":"https:\/\/prensapresidencialvenezuela.gob.ve\/index.php\/wp-json\/wp\/v2\/users\/6"}],"replies":[{"embeddable":true,"href":"https:\/\/prensapresidencialvenezuela.gob.ve\/index.php\/wp-json\/wp\/v2\/comments?post=1704"}],"version-history":[{"count":1,"href":"https:\/\/prensapresidencialvenezuela.gob.ve\/index.php\/wp-json\/wp\/v2\/posts\/1704\/revisions"}],"predecessor-version":[{"id":1706,"href":"https:\/\/prensapresidencialvenezuela.gob.ve\/index.php\/wp-json\/wp\/v2\/posts\/1704\/revisions\/1706"}],"wp:featuredmedia":[{"embeddable":true,"href":"https:\/\/prensapresidencialvenezuela.gob.ve\/index.php\/wp-json\/wp\/v2\/media\/1705"}],"wp:attachment":[{"href":"https:\/\/prensapresidencialvenezuela.gob.ve\/index.php\/wp-json\/wp\/v2\/media?parent=1704"}],"wp:term":[{"taxonomy":"category","embeddable":true,"href":"https:\/\/prensapresidencialvenezuela.gob.ve\/index.php\/wp-json\/wp\/v2\/categories?post=1704"},{"taxonomy":"post_tag","embeddable":true,"href":"https:\/\/prensapresidencialvenezuela.gob.ve\/index.php\/wp-json\/wp\/v2\/tags?post=1704"}],"curies":[{"name":"wp","href":"https:\/\/api.w.org\/{rel}","templated":true}]}}