{"id":17066,"date":"2025-02-04T17:03:29","date_gmt":"2025-02-04T21:03:29","guid":{"rendered":"https:\/\/prensapresidencialvenezuela.gob.ve\/?p=17066"},"modified":"2025-02-04T17:13:37","modified_gmt":"2025-02-04T21:13:37","slug":"4f-sigue-siendo-un-acto-de-renacimiento-de-la-patria","status":"publish","type":"post","link":"https:\/\/prensapresidencialvenezuela.gob.ve\/index.php\/2025\/02\/04\/4f-sigue-siendo-un-acto-de-renacimiento-de-la-patria\/","title":{"rendered":"4F, sigue siendo un acto de renacimiento de la Patria"},"content":{"rendered":"\n<p><strong>Los Pr\u00f3ceres, Caracas.- <\/strong>Haciendo alusi\u00f3n a las fuerzas espirituales de todas las \u00e9pocas, el presidente de la Rep\u00fablica Bolivariana de Venezuela, Nicol\u00e1s Maduro, pronunci\u00f3: \u201c\u00a1Amanecimos y despertamos para no dormirnos jam\u00e1s!\u201d.<\/p>\n\n\n\n<p>Al sumarse a la gran marcha en conmemoraci\u00f3n al 33 Aniversario de la Rebeli\u00f3n C\u00edvico- Militar- Popular del 4F, desde el Paseo Monumental Los Pr\u00f3ceres, en la ciudad de Caracas, asever\u00f3, en homenaje al comandante Ch\u00e1vez, que la Operaci\u00f3n Especial Ezequiel Zamora, sigue activa, aquella del 4 de febrero de 1992.<\/p>\n\n\n\n<p>\u201cSigue activa y su pueblo victorioso\u201d, expres\u00f3 con efusividad y gallard\u00eda revolucionaria, porque \u2013 se\u00f1al\u00f3 \u2013 seguimos siendo la historia viva, en tremendo combate por la libertad, justicia y soberan\u00eda, en una fuerza de impulso, garant\u00eda y futuro.<\/p>\n\n\n\n<p>En medio de estas palabras, cargadas de sentimiento patrio, el Mandatario y comandante en jefe de la Fuerza Armada Nacional Bolivariana (FANB), valor\u00f3 la enorme movilizaci\u00f3n del pueblo bolivariano de este martes.<\/p>\n\n\n\n<p>El acompa\u00f1amiento del pueblo significa y ratifica, indic\u00f3, que \u201cha llegado el a\u00f1o 2025 y el 4F \u00a1est\u00e1 vivo, victorioso, en las calles!\u201d. &nbsp;<\/p>\n\n\n\n<p>\u201cCuatro (4) de Febrero rebelde, anti olig\u00e1rquico, antiimperialista. Ha valido la pena, sin lugar a dudas, todos estos a\u00f1os de Revoluci\u00f3n (Bolivariana)\u201d, manifest\u00f3 el Dignatario nacional, \u201cpor ser un acto de renacimiento de una Patria oprimida por las oligarqu\u00edas vende patria y los politiqueros de turno. A 33 a\u00f1os, sigue siendo un renacimiento de lo nuestro\u201d.<\/p>\n\n\n\n<p><strong>D\u00eda del Despertar de la Rebeli\u00f3n Bolivariana<\/strong><\/p>\n\n\n\n<p>Junto a los soldados del 4F y de la FANB, en la tarima, el Mandatario refiri\u00f3 el orgullo que le embargaba, por todo la historia y eventos, unos dolorosos, otros esperanzadores.<\/p>\n\n\n\n<p><strong>\u201c<\/strong>Estamos orgullosos de todas nuestra historia y todos los eventos, unos dolorosos, otros esperanzadores\u201d, evoc\u00f3.<\/p>\n\n\n\n<p><strong>Soldados del 4F acompa\u00f1aron esta conmemoraci\u00f3n<\/strong><\/p>\n\n\n\n<p>En un gesto de camarader\u00eda, el presidente Maduro llam\u00f3 a los soldados del 4F y de la FANB a que lo acompa\u00f1aran en sus palabras.<\/p>\n\n\n\n<p>De estos hombres de la vida castrense, recalc\u00f3 est\u00e1n \u201cm\u00e1s que nunca, \u00a1leales siempre!. Cu\u00e1ntos recuerdos est\u00e1n revoloteando en la memoria de quienes lograron forjarse al lado de nuestro comandante Ch\u00e1vez\u201d, cuestion\u00f3.<\/p>\n\n\n\n<p><strong>Soldados del 4F dijeron: Basta de entreguismo<\/strong><\/p>\n\n\n\n<p>Repas\u00f3, en ese sentido, que su generaci\u00f3n vio con admiraci\u00f3n \u201cc\u00f3mo estos soldados, llevados por una fuerza indescriptible, fueron con el comandante Ch\u00e1vez y dijeron: Ya basta de tanto entreguismo, vende patria y opresi\u00f3n al pueblo\u201d.<\/p>\n\n\n\n<p>Enfatiz\u00f3 el Presidente Pueblo que el 4F fue la rebeli\u00f3n contra las formas de dominaci\u00f3n y el renacimiento del proyecto original de los libertadores, porque se erigi\u00f3 es una fecha s\u00edntesis que recoge la lucha de tantos generaciones por la emancipaci\u00f3n.<\/p>\n\n\n\n<p>\u201cFue el despertar de la conciencia de hombres y mujeres\u201d, expres\u00f3, tambi\u00e9n en compa\u00f1\u00eda de la Primera Dama, Combatiente de la Rep\u00fablica y diputada de la Asamblea Nacional, Cilia Flores; y el combatiente del 4F, Diosdado Cabello.<\/p>\n\n\n\n<p>En este marco, el jefe de Estado anunci\u00f3 que en los pr\u00f3ximos d\u00edas tambi\u00e9n se estar\u00e1 conmemorando, con el dolor de siempre, la rebeli\u00f3n espontanea que se conoci\u00f3 como El Caracazo.<\/p>\n\n\n\n<p><strong>Prensa Presidencial \/ Ana\u00eds P\u00e9rez<\/strong><\/p>\n","protected":false},"excerpt":{"rendered":"<p>Los Pr\u00f3ceres, Caracas.- Haciendo alusi\u00f3n a las fuerzas espirituales de todas las \u00e9pocas, el presidente de la Rep\u00fablica Bolivariana de Venezuela, Nicol\u00e1s Maduro, pronunci\u00f3: \u201c\u00a1Amanecimos y despertamos para no dormirnos jam\u00e1s!\u201d. Al sumarse a la gran marcha en conmemoraci\u00f3n al 33 Aniversario de la Rebeli\u00f3n C\u00edvico- Militar- Popular del 4F, desde el Paseo Monumental Los [&hellip;]<\/p>\n","protected":false},"author":1,"featured_media":17067,"comment_status":"open","ping_status":"open","sticky":false,"template":"","format":"standard","meta":{"footnotes":""},"categories":[18,7],"tags":[919,553,572],"class_list":["post-17066","post","type-post","status-publish","format-standard","has-post-thumbnail","hentry","category-noticias-principales","category-notas-de-prensa","tag-4f","tag-patria","tag-renacimiento"],"_links":{"self":[{"href":"https:\/\/prensapresidencialvenezuela.gob.ve\/index.php\/wp-json\/wp\/v2\/posts\/17066","targetHints":{"allow":["GET"]}}],"collection":[{"href":"https:\/\/prensapresidencialvenezuela.gob.ve\/index.php\/wp-json\/wp\/v2\/posts"}],"about":[{"href":"https:\/\/prensapresidencialvenezuela.gob.ve\/index.php\/wp-json\/wp\/v2\/types\/post"}],"author":[{"embeddable":true,"href":"https:\/\/prensapresidencialvenezuela.gob.ve\/index.php\/wp-json\/wp\/v2\/users\/1"}],"replies":[{"embeddable":true,"href":"https:\/\/prensapresidencialvenezuela.gob.ve\/index.php\/wp-json\/wp\/v2\/comments?post=17066"}],"version-history":[{"count":2,"href":"https:\/\/prensapresidencialvenezuela.gob.ve\/index.php\/wp-json\/wp\/v2\/posts\/17066\/revisions"}],"predecessor-version":[{"id":17069,"href":"https:\/\/prensapresidencialvenezuela.gob.ve\/index.php\/wp-json\/wp\/v2\/posts\/17066\/revisions\/17069"}],"wp:featuredmedia":[{"embeddable":true,"href":"https:\/\/prensapresidencialvenezuela.gob.ve\/index.php\/wp-json\/wp\/v2\/media\/17067"}],"wp:attachment":[{"href":"https:\/\/prensapresidencialvenezuela.gob.ve\/index.php\/wp-json\/wp\/v2\/media?parent=17066"}],"wp:term":[{"taxonomy":"category","embeddable":true,"href":"https:\/\/prensapresidencialvenezuela.gob.ve\/index.php\/wp-json\/wp\/v2\/categories?post=17066"},{"taxonomy":"post_tag","embeddable":true,"href":"https:\/\/prensapresidencialvenezuela.gob.ve\/index.php\/wp-json\/wp\/v2\/tags?post=17066"}],"curies":[{"name":"wp","href":"https:\/\/api.w.org\/{rel}","templated":true}]}}