{"id":1710,"date":"2022-04-20T20:31:00","date_gmt":"2022-04-20T20:31:00","guid":{"rendered":"http:\/\/172.27.0.121\/?p=1710"},"modified":"2022-06-29T20:32:41","modified_gmt":"2022-06-29T20:32:41","slug":"presidente-denuncio-campana-de-odio-contra-venezuela-en-rrss","status":"publish","type":"post","link":"https:\/\/prensapresidencialvenezuela.gob.ve\/index.php\/2022\/04\/20\/presidente-denuncio-campana-de-odio-contra-venezuela-en-rrss\/","title":{"rendered":"Presidente denunci\u00f3 campa\u00f1a de odio contra Venezuela en RRSS"},"content":{"rendered":"\n<p><strong>Palacio de Miraflores, Caracas.- \u201c<\/strong>Hay quienes est\u00e1n pagando campa\u00f1as por ah\u00ed, por las redes sociales para volver a promover el odio entre venezolanos, la divisi\u00f3n entre venezolanos. \u00a1Dile que no a la campa\u00f1a del odio, dile que no a la campa\u00f1a de divisi\u00f3n, dile que no a la compa\u00f1a en contra de Venezuela!\u201d.<\/p>\n\n\n\n<p>La afirmaci\u00f3n corresponde al presidente de la Rep\u00fablica Bolivariana de Venezuela, Nicol\u00e1s Maduro, quien denunci\u00f3 que las redes sociales promueven una campa\u00f1a de odio en contra de venezolanos y venezolanas.<\/p>\n\n\n\n<p>En este sentido, asegur\u00f3 que detr\u00e1s de la campa\u00f1a de odio y de divisi\u00f3n est\u00e1 el deseo de distintos sectores que buscan \u201cllenar de violencia a nuestro pa\u00eds, otra vez, con alg\u00fan tipo de guarimba, sabotaje (\u2026). Vamos a abrazarnos todos los venezolanos y venezolanas para con esfuerzo propio echar adelante a Venezuela\u201d.<\/p>\n\n\n\n<p><strong>Plan Vuelta a la Patria<\/strong><\/p>\n\n\n\n<p>El Presidente inform\u00f3 que este mi\u00e9rcoles arribaron al pa\u00eds 250 connacionales provenientes de Per\u00fa, como parte del Plan Vuelta a la Patria.<\/p>\n\n\n\n<p>\u201cHoy lleg\u00f3 un avi\u00f3n totalmente gratuito de Conviasa, l\u00ednea a\u00e9rea bandera de Venezuela, trayendo 250 compatriotas a su tierra. \u00a1Hombres y mujeres, bienvenidos!\u201d.<\/p>\n\n\n\n<p>Al respecto, resalt\u00f3 que diariamente ingresan venezolanos y venezolanas por la frontera con Colombia, \u201cquienes est\u00e1n tomando la decisi\u00f3n correcta de regresar a su Patria para trabajar y con esfuerzo propio recuperarla\u201d.<\/p>\n\n\n\n<p>Asimismo, apunt\u00f3 que Venezuela es el \u00fanico pa\u00eds en el mundo que cuenta con un plan gratuito, que permite el retorno por v\u00eda a\u00e9rea de todos aquellos venezolanos que as\u00ed lo deseen.<\/p>\n\n\n\n<p>\u201cVengan a emprender, los amamos. Aqu\u00ed en Venezuela tienen a un pa\u00eds que es de ustedes y tienen a un Presidente que los ama y que desea ver el d\u00eda en que regresen todos a un pa\u00eds pr\u00f3spero y recuperado\u201d, expres\u00f3 el Jefe de Estado.<\/p>\n\n\n\n<p><strong>Prensa Presidencial\/Joelin Jim\u00e9nez<\/strong><\/p>\n","protected":false},"excerpt":{"rendered":"<p>Palacio de Miraflores, Caracas.- \u201cHay quienes est\u00e1n pagando campa\u00f1as por ah\u00ed, por las redes sociales para volver a promover el odio entre venezolanos, la divisi\u00f3n entre venezolanos. \u00a1Dile que no a la campa\u00f1a del odio, dile que no a la campa\u00f1a de divisi\u00f3n, dile que no a la compa\u00f1a en contra de Venezuela!\u201d. La afirmaci\u00f3n [&hellip;]<\/p>\n","protected":false},"author":6,"featured_media":1711,"comment_status":"open","ping_status":"open","sticky":false,"template":"","format":"standard","meta":{"footnotes":""},"categories":[7],"tags":[],"class_list":["post-1710","post","type-post","status-publish","format-standard","has-post-thumbnail","hentry","category-notas-de-prensa"],"_links":{"self":[{"href":"https:\/\/prensapresidencialvenezuela.gob.ve\/index.php\/wp-json\/wp\/v2\/posts\/1710","targetHints":{"allow":["GET"]}}],"collection":[{"href":"https:\/\/prensapresidencialvenezuela.gob.ve\/index.php\/wp-json\/wp\/v2\/posts"}],"about":[{"href":"https:\/\/prensapresidencialvenezuela.gob.ve\/index.php\/wp-json\/wp\/v2\/types\/post"}],"author":[{"embeddable":true,"href":"https:\/\/prensapresidencialvenezuela.gob.ve\/index.php\/wp-json\/wp\/v2\/users\/6"}],"replies":[{"embeddable":true,"href":"https:\/\/prensapresidencialvenezuela.gob.ve\/index.php\/wp-json\/wp\/v2\/comments?post=1710"}],"version-history":[{"count":1,"href":"https:\/\/prensapresidencialvenezuela.gob.ve\/index.php\/wp-json\/wp\/v2\/posts\/1710\/revisions"}],"predecessor-version":[{"id":1712,"href":"https:\/\/prensapresidencialvenezuela.gob.ve\/index.php\/wp-json\/wp\/v2\/posts\/1710\/revisions\/1712"}],"wp:featuredmedia":[{"embeddable":true,"href":"https:\/\/prensapresidencialvenezuela.gob.ve\/index.php\/wp-json\/wp\/v2\/media\/1711"}],"wp:attachment":[{"href":"https:\/\/prensapresidencialvenezuela.gob.ve\/index.php\/wp-json\/wp\/v2\/media?parent=1710"}],"wp:term":[{"taxonomy":"category","embeddable":true,"href":"https:\/\/prensapresidencialvenezuela.gob.ve\/index.php\/wp-json\/wp\/v2\/categories?post=1710"},{"taxonomy":"post_tag","embeddable":true,"href":"https:\/\/prensapresidencialvenezuela.gob.ve\/index.php\/wp-json\/wp\/v2\/tags?post=1710"}],"curies":[{"name":"wp","href":"https:\/\/api.w.org\/{rel}","templated":true}]}}