{"id":17129,"date":"2025-02-05T19:39:52","date_gmt":"2025-02-05T23:39:52","guid":{"rendered":"https:\/\/prensapresidencialvenezuela.gob.ve\/?p=17129"},"modified":"2025-02-05T19:39:52","modified_gmt":"2025-02-05T23:39:52","slug":"asignados-97-99-de-los-proyectos-que-arrojo-la-primera-consulta-popular-nacional","status":"publish","type":"post","link":"https:\/\/prensapresidencialvenezuela.gob.ve\/index.php\/2025\/02\/05\/asignados-97-99-de-los-proyectos-que-arrojo-la-primera-consulta-popular-nacional\/","title":{"rendered":"Asignados 97.99% de los proyectos que arroj\u00f3 la primera consulta popular nacional"},"content":{"rendered":"\n<p><strong>Palacio de Miraflores, Caracas-.<\/strong> Durante una jornada con hombres y mujeres de las comunas, el presidente de la Rep\u00fablica Bolivariana de Venezuela, Nicol\u00e1s Maduro, inform\u00f3 que ya est\u00e1 el 97,99% de los proyectos asignados correspondientes a la primera consulta nacional.<\/p>\n\n\n\n<p>Durante su discurso afirm\u00f3: \u00abEl domingo pasado tuvimos la primera consulta nacional de los proyectos de los circuitos comunales, de los proyectos debatidos preparados y presentados por el pueblo en el ejercicio pleno e intransferible de su soberan\u00eda\u00bb.<\/p>\n\n\n\n<p>El Mandatario destac\u00f3 la significativa participaci\u00f3n del pueblo en este proceso, revel\u00f3, adem\u00e1s, que \u00aben primer lugar, a nivel nacional [en] dieciocho renglones de temas de los 5. 226, el pueblo ha votado por el proyecto sobre el tema Agua\u00bb.<\/p>\n\n\n\n<p>En esa l\u00ednea, resalt\u00f3 los temas que surgieron, los cuales son: educaci\u00f3n, h\u00e1bitat, electricidad, vialidad, salud, producci\u00f3n primaria, deporte, ambiente, transporte p\u00fablico, gas comunal, cultura, servicio conexos a las comunidades, estabilizaci\u00f3n de taludes, transformaci\u00f3n industrial, telecomunicaciones, seguridad ciudadana, turismo.<\/p>\n\n\n\n<p>Esta consulta forma parte de las transformaciones que el Gobierno hace para fortalecer la participaci\u00f3n ciudadana y atender las necesidades m\u00e1s urgentes de las comunidades, reafirmando su compromiso con la soberan\u00eda popular.<\/p>\n\n\n\n<p>\u00abEs el pueblo, no un bur\u00f3crata, no un gestor, no un corrupto, ning\u00fan tecn\u00f3crata; no hay nadie que con el dedo se\u00f1ala (\u2026), es el pueblo con su conciencia y su voto quien decidi\u00f3 los proyectos que a partir de hoy se van a empezar a ejecutar, porque a partir de hoy se liberan los recursos y llegan a toda los circuitos comunales y comunas del pa\u00eds\u00bb, subray\u00f3.<\/p>\n\n\n\n<p><strong>Prensa Presidencial \/ Eduardo Hueck<\/strong><\/p>\n","protected":false},"excerpt":{"rendered":"<p>Palacio de Miraflores, Caracas-. Durante una jornada con hombres y mujeres de las comunas, el presidente de la Rep\u00fablica Bolivariana de Venezuela, Nicol\u00e1s Maduro, inform\u00f3 que ya est\u00e1 el 97,99% de los proyectos asignados correspondientes a la primera consulta nacional. Durante su discurso afirm\u00f3: \u00abEl domingo pasado tuvimos la primera consulta nacional de los proyectos [&hellip;]<\/p>\n","protected":false},"author":1,"featured_media":17130,"comment_status":"open","ping_status":"open","sticky":false,"template":"","format":"standard","meta":{"footnotes":""},"categories":[18,7],"tags":[1326,560,451],"class_list":["post-17129","post","type-post","status-publish","format-standard","has-post-thumbnail","hentry","category-noticias-principales","category-notas-de-prensa","tag-asignacion","tag-proyectos","tag-pueblo"],"_links":{"self":[{"href":"https:\/\/prensapresidencialvenezuela.gob.ve\/index.php\/wp-json\/wp\/v2\/posts\/17129","targetHints":{"allow":["GET"]}}],"collection":[{"href":"https:\/\/prensapresidencialvenezuela.gob.ve\/index.php\/wp-json\/wp\/v2\/posts"}],"about":[{"href":"https:\/\/prensapresidencialvenezuela.gob.ve\/index.php\/wp-json\/wp\/v2\/types\/post"}],"author":[{"embeddable":true,"href":"https:\/\/prensapresidencialvenezuela.gob.ve\/index.php\/wp-json\/wp\/v2\/users\/1"}],"replies":[{"embeddable":true,"href":"https:\/\/prensapresidencialvenezuela.gob.ve\/index.php\/wp-json\/wp\/v2\/comments?post=17129"}],"version-history":[{"count":1,"href":"https:\/\/prensapresidencialvenezuela.gob.ve\/index.php\/wp-json\/wp\/v2\/posts\/17129\/revisions"}],"predecessor-version":[{"id":17131,"href":"https:\/\/prensapresidencialvenezuela.gob.ve\/index.php\/wp-json\/wp\/v2\/posts\/17129\/revisions\/17131"}],"wp:featuredmedia":[{"embeddable":true,"href":"https:\/\/prensapresidencialvenezuela.gob.ve\/index.php\/wp-json\/wp\/v2\/media\/17130"}],"wp:attachment":[{"href":"https:\/\/prensapresidencialvenezuela.gob.ve\/index.php\/wp-json\/wp\/v2\/media?parent=17129"}],"wp:term":[{"taxonomy":"category","embeddable":true,"href":"https:\/\/prensapresidencialvenezuela.gob.ve\/index.php\/wp-json\/wp\/v2\/categories?post=17129"},{"taxonomy":"post_tag","embeddable":true,"href":"https:\/\/prensapresidencialvenezuela.gob.ve\/index.php\/wp-json\/wp\/v2\/tags?post=17129"}],"curies":[{"name":"wp","href":"https:\/\/api.w.org\/{rel}","templated":true}]}}