{"id":17133,"date":"2025-02-05T20:04:57","date_gmt":"2025-02-06T00:04:57","guid":{"rendered":"https:\/\/prensapresidencialvenezuela.gob.ve\/?p=17133"},"modified":"2025-02-05T20:05:31","modified_gmt":"2025-02-06T00:05:31","slug":"presidente-designo-a-julio-leon-heredia-como-nuevo-ministro-de-agricultura-y-tierra-productiva","status":"publish","type":"post","link":"https:\/\/prensapresidencialvenezuela.gob.ve\/index.php\/2025\/02\/05\/presidente-designo-a-julio-leon-heredia-como-nuevo-ministro-de-agricultura-y-tierra-productiva\/","title":{"rendered":"Designado Julio Le\u00f3n Heredia como nuevo ministro de Agricultura y Tierra Productiva"},"content":{"rendered":"\n<p>Palacio de Miraflores, Caracas.- En un encuentro con los circuitos comunales del pa\u00eds, el presidente Nicol\u00e1s Maduro realiz\u00f3 la activaci\u00f3n de la 5ta Transformaci\u00f3n y en conjunto destac\u00f3 la intenci\u00f3n de dar continuidad a los cambios en funci\u00f3n de las 7 transformaciones.<\/p>\n\n\n\n<p>El Jefe de Estado resalt\u00f3 que la iniciativa est\u00e1 dirigida a destacar grandes logros en la agricultura regenerativa agroecol\u00f3gica \u00abS\u00f3lo con el pueblo productor podemos lograr estos grandes objetivos\u00bb, afirm\u00f3.<\/p>\n\n\n\n<p>Durante su intervenci\u00f3n, el presidente Maduro anunci\u00f3 el nombramiento de Julio C\u00e9sar Le\u00f3n Heredia, gobernador del estado Yaracuy, como ministro del Poder Popular Agricultura y Tierra Productiva.<\/p>\n\n\n\n<p>\u00abEs hora de que te vengas al Gobierno Nacional\u00bb, declar\u00f3 el mandatario, reconociendo la experiencia pol\u00edtica organizativa de Yaracuy como ejemplo a seguir.<\/p>\n\n\n\n<p>El presidente tambi\u00e9n insisti\u00f3 en la importancia de configurar el concepto de la Agricultura Regenerativa Agroecol\u00f3gica Productiva.<\/p>\n\n\n\n<p>Se\u00f1al\u00f3 que el objetivo es \u201cproducir alimentos org\u00e1nicos para los venezolanos y venezolanas, sustituir todas las importaciones y desarrollar una vocaci\u00f3n exportadora\u201d a trav\u00e9s del proyecto Agro-ALBA. &nbsp;<\/p>\n\n\n\n<p>El Mandatario nacional inst\u00f3 a reunirse con el equipo del proyecto para recuperar todas las fincas y haciendas a manos del Estado. \u201cTodas tienen que estar productivas junto al pueblo y superar los errores y las corruptelas de la gente que se le ha entregado esas fincas\u201d, expres\u00f3 el presidente Maduro.<\/p>\n\n\n\n<p>La iniciativa forma parte de la agenda de trabajo para la activaci\u00f3n de la 5ta Transformaci\u00f3n rumbo avanzar al futuro pr\u00f3spero, tal como se contempla en el Plan de la Patria 2025-2030.<\/p>\n\n\n\n<p><strong>Conuco multiprop\u00f3sito<\/strong><\/p>\n\n\n\n<p>Partiendo de la construcci\u00f3n de un concepto venezolano dirigido a la regeneraci\u00f3n productiva de la tierra, el presidente enfatiz\u00f3 en la necesidad de recuperar el concepto del conuco multiprop\u00f3sito regenerativo, que es \u201cherencia de los ind\u00edgenas, para cuidar la Pachamama y la tierra\u201d, enfatiz\u00f3.<\/p>\n\n\n\n<p>Agreg\u00f3 que actualmente el Gobierno Bolivariano se mantiene en sinton\u00eda perfecta y con la experiencia demostrada. \u201cTenemos el plan, el proyecto de pa\u00eds, el pueblo, la fusi\u00f3n popular-militar-policial y un presidente comprometido con este proyecto revolucionario hasta los tu\u00e9tanos. Y lo m\u00e1s importante, Dios est\u00e1 con nosotros, Dios est\u00e1 con Venezuela\u00bb, concluy\u00f3 el presidente Maduro.<strong>Prensa Presidencial \/ Kendi Villarroel<\/strong><\/p>\n","protected":false},"excerpt":{"rendered":"<p>Palacio de Miraflores, Caracas.- En un encuentro con los circuitos comunales del pa\u00eds, el presidente Nicol\u00e1s Maduro realiz\u00f3 la activaci\u00f3n de la 5ta Transformaci\u00f3n y en conjunto destac\u00f3 la intenci\u00f3n de dar continuidad a los cambios en funci\u00f3n de las 7 transformaciones. El Jefe de Estado resalt\u00f3 que la iniciativa est\u00e1 dirigida a destacar grandes [&hellip;]<\/p>\n","protected":false},"author":1,"featured_media":17134,"comment_status":"open","ping_status":"open","sticky":false,"template":"","format":"standard","meta":{"footnotes":""},"categories":[18,7],"tags":[],"class_list":["post-17133","post","type-post","status-publish","format-standard","has-post-thumbnail","hentry","category-noticias-principales","category-notas-de-prensa"],"_links":{"self":[{"href":"https:\/\/prensapresidencialvenezuela.gob.ve\/index.php\/wp-json\/wp\/v2\/posts\/17133","targetHints":{"allow":["GET"]}}],"collection":[{"href":"https:\/\/prensapresidencialvenezuela.gob.ve\/index.php\/wp-json\/wp\/v2\/posts"}],"about":[{"href":"https:\/\/prensapresidencialvenezuela.gob.ve\/index.php\/wp-json\/wp\/v2\/types\/post"}],"author":[{"embeddable":true,"href":"https:\/\/prensapresidencialvenezuela.gob.ve\/index.php\/wp-json\/wp\/v2\/users\/1"}],"replies":[{"embeddable":true,"href":"https:\/\/prensapresidencialvenezuela.gob.ve\/index.php\/wp-json\/wp\/v2\/comments?post=17133"}],"version-history":[{"count":2,"href":"https:\/\/prensapresidencialvenezuela.gob.ve\/index.php\/wp-json\/wp\/v2\/posts\/17133\/revisions"}],"predecessor-version":[{"id":17136,"href":"https:\/\/prensapresidencialvenezuela.gob.ve\/index.php\/wp-json\/wp\/v2\/posts\/17133\/revisions\/17136"}],"wp:featuredmedia":[{"embeddable":true,"href":"https:\/\/prensapresidencialvenezuela.gob.ve\/index.php\/wp-json\/wp\/v2\/media\/17134"}],"wp:attachment":[{"href":"https:\/\/prensapresidencialvenezuela.gob.ve\/index.php\/wp-json\/wp\/v2\/media?parent=17133"}],"wp:term":[{"taxonomy":"category","embeddable":true,"href":"https:\/\/prensapresidencialvenezuela.gob.ve\/index.php\/wp-json\/wp\/v2\/categories?post=17133"},{"taxonomy":"post_tag","embeddable":true,"href":"https:\/\/prensapresidencialvenezuela.gob.ve\/index.php\/wp-json\/wp\/v2\/tags?post=17133"}],"curies":[{"name":"wp","href":"https:\/\/api.w.org\/{rel}","templated":true}]}}