{"id":17137,"date":"2025-02-05T20:12:34","date_gmt":"2025-02-06T00:12:34","guid":{"rendered":"https:\/\/prensapresidencialvenezuela.gob.ve\/?p=17137"},"modified":"2025-02-05T21:02:10","modified_gmt":"2025-02-06T01:02:10","slug":"proyecto-que-alcanzaron-el-segundo-lugar-seran-financiados-por-gobernaciones-y-alcaldias","status":"publish","type":"post","link":"https:\/\/prensapresidencialvenezuela.gob.ve\/index.php\/2025\/02\/05\/proyecto-que-alcanzaron-el-segundo-lugar-seran-financiados-por-gobernaciones-y-alcaldias\/","title":{"rendered":"Proyectos ser\u00e1n financiados por gobernaciones y alcald\u00edas"},"content":{"rendered":"\n<p><strong>Palacio de Miraflores, Caracas.-<\/strong> En un evento marcado por la participaci\u00f3n popular, el presidente Nicol\u00e1s Maduro anunci\u00f3 la activaci\u00f3n de un nuevo decreto que busca financiar, a trav\u00e9s de gobernaciones y alcald\u00edas, los proyecto que alcanzaron el segundo lugar en la consulta popular nacional del 2 de febrero. <\/p>\n\n\n\n<p>El Jefe de Estado resalt\u00f3 la propuesta que la alcaldesa del municipio Libertador, Carmen Mel\u00e9ndez, le hiciere el lunes pasado en el programa <em>Con Maduro de Repente, <\/em>al anunciar que hab\u00eda \u00abapartado los recursos para el municipio Libertador en Caracas\u00bb, con el fin de financiar el proyecto que obtuvo el segundo lugar en las votaciones del domingo en los circuitos comunales.<\/p>\n\n\n\n<p>\u00abMe gust\u00f3 mucho la iniciativa de la alcaldesa del municipio Libertador, Carmen Mel\u00e9ndez, siempre tiene buenas iniciativas\u00bb, manifest\u00f3, e inst\u00f3 a seguir el ejemplo que ha dado en Caracas.<\/p>\n\n\n\n<p>\u00abEmitamos un decreto, se\u00f1ora vicepresidenta Delcy Rodr\u00edguez, para obligar a todas las gobernaciones y todas las alcald\u00edas, a financiar el proyecto n\u00famero dos que el pueblo eligi\u00f3 en las votaciones del domingo 2 de febrero\u00bb, a\u00f1adi\u00f3.<\/p>\n\n\n\n<p>El presidente Maduro concluy\u00f3 su discurso haciendo hincapi\u00e9 en el potencial del nuevo sistema de gobierno popular: \u00ab \u00bfSe dan cuenta el alcance que puede tener, se dan cuenta? Hay que avanzar en la construcci\u00f3n de todos sus esfuerzos\u00bb.<\/p>\n\n\n\n<p>Con esta medida, el presidente Maduro busca fortalecer la participaci\u00f3n popular y responder a las necesidades de las comunidades.<\/p>\n\n\n\n<p>Esta actividad, liderada por el Jefe de Estado, se encuentra en el marco de la activaci\u00f3n de la Quinta Transformaci\u00f3n (5T) del Plan de las 7 Transformaciones (7T).<\/p>\n\n\n\n<p><strong>Prensa Presidencial \/ Eduardo Hueck<\/strong><\/p>\n","protected":false},"excerpt":{"rendered":"<p>Palacio de Miraflores, Caracas.- En un evento marcado por la participaci\u00f3n popular, el presidente Nicol\u00e1s Maduro anunci\u00f3 la activaci\u00f3n de un nuevo decreto que busca financiar, a trav\u00e9s de gobernaciones y alcald\u00edas, los proyecto que alcanzaron el segundo lugar en la consulta popular nacional del 2 de febrero. El Jefe de Estado resalt\u00f3 la propuesta [&hellip;]<\/p>\n","protected":false},"author":1,"featured_media":17139,"comment_status":"open","ping_status":"open","sticky":false,"template":"","format":"standard","meta":{"footnotes":""},"categories":[18,7,1],"tags":[1264,1263,560],"class_list":["post-17137","post","type-post","status-publish","format-standard","has-post-thumbnail","hentry","category-noticias-principales","category-notas-de-prensa","category-sin-categoria","tag-alcaldias","tag-gobernaciones","tag-proyectos"],"_links":{"self":[{"href":"https:\/\/prensapresidencialvenezuela.gob.ve\/index.php\/wp-json\/wp\/v2\/posts\/17137","targetHints":{"allow":["GET"]}}],"collection":[{"href":"https:\/\/prensapresidencialvenezuela.gob.ve\/index.php\/wp-json\/wp\/v2\/posts"}],"about":[{"href":"https:\/\/prensapresidencialvenezuela.gob.ve\/index.php\/wp-json\/wp\/v2\/types\/post"}],"author":[{"embeddable":true,"href":"https:\/\/prensapresidencialvenezuela.gob.ve\/index.php\/wp-json\/wp\/v2\/users\/1"}],"replies":[{"embeddable":true,"href":"https:\/\/prensapresidencialvenezuela.gob.ve\/index.php\/wp-json\/wp\/v2\/comments?post=17137"}],"version-history":[{"count":3,"href":"https:\/\/prensapresidencialvenezuela.gob.ve\/index.php\/wp-json\/wp\/v2\/posts\/17137\/revisions"}],"predecessor-version":[{"id":17150,"href":"https:\/\/prensapresidencialvenezuela.gob.ve\/index.php\/wp-json\/wp\/v2\/posts\/17137\/revisions\/17150"}],"wp:featuredmedia":[{"embeddable":true,"href":"https:\/\/prensapresidencialvenezuela.gob.ve\/index.php\/wp-json\/wp\/v2\/media\/17139"}],"wp:attachment":[{"href":"https:\/\/prensapresidencialvenezuela.gob.ve\/index.php\/wp-json\/wp\/v2\/media?parent=17137"}],"wp:term":[{"taxonomy":"category","embeddable":true,"href":"https:\/\/prensapresidencialvenezuela.gob.ve\/index.php\/wp-json\/wp\/v2\/categories?post=17137"},{"taxonomy":"post_tag","embeddable":true,"href":"https:\/\/prensapresidencialvenezuela.gob.ve\/index.php\/wp-json\/wp\/v2\/tags?post=17137"}],"curies":[{"name":"wp","href":"https:\/\/api.w.org\/{rel}","templated":true}]}}