{"id":17144,"date":"2025-02-05T20:48:50","date_gmt":"2025-02-06T00:48:50","guid":{"rendered":"https:\/\/prensapresidencialvenezuela.gob.ve\/?p=17144"},"modified":"2025-02-05T20:48:51","modified_gmt":"2025-02-06T00:48:51","slug":"ministerios-deben-ponerse-al-servicio-de-los-proyectos-comunitarios-elegidos-por-el-pueblo","status":"publish","type":"post","link":"https:\/\/prensapresidencialvenezuela.gob.ve\/index.php\/2025\/02\/05\/ministerios-deben-ponerse-al-servicio-de-los-proyectos-comunitarios-elegidos-por-el-pueblo\/","title":{"rendered":"Ministerios deben ponerse al servicio de los proyectos comunitarios elegidos por el pueblo"},"content":{"rendered":"\n<p><strong>Palacio de Miraflores, Caracas.- <\/strong>El presidente de la Rep\u00fablica Bolivariana de Venezuela, Nicol\u00e1s Maduro Moros, instruy\u00f3 a los ministerios del Gobierno Bolivariano ponerse al servicio de los proyectos comunitarios aprobados y los que entrar\u00e1n en evaluaci\u00f3n para los venideros procesos de consulta popular.<\/p>\n\n\n\n<p>Aunado a ello, inst\u00f3 al Vicepresidente Sectorial de Obras P\u00fablicas y Servicios, M\/G Jorge Eliezer M\u00e1rquez, y al ministro del Poder Popular de Atenci\u00f3n de las Aguas, Carlos Mast Yustiz, a trabajar en conjunto con las comunidades que requieran de atenci\u00f3n en el sector agua.<\/p>\n\n\n\n<p>Sobre la base de esta instrucci\u00f3n, el Presidente realiz\u00f3 una serie de contactos televisivos a diversos estados del pa\u00eds, para presentar las diferentes propuestas que fueron elegidas en la Consulta Popular que se efectu\u00f3 el pasado domingo 2 de febrero.<\/p>\n\n\n\n<p><strong>Estado Miranda<\/strong><\/p>\n\n\n\n<p>En Petare<a><\/a>, Barrio El Carpintero, se aprob\u00f3 el plan de agua en la \u00abComuna Esperanza, Vida y Uni\u00f3n Socialista\u00bb, para el beneficio de m\u00e1s de 800 familias, quienes se beneficiaran del remplazo de tuber\u00edas de aguas blancas.<\/p>\n\n\n\n<p><strong>Estado Monagas<\/strong><\/p>\n\n\n\n<p>En la ciudad de Matur\u00edn, se le dio atenci\u00f3n inmediata al proyecto de aguas que se logr\u00f3 aprobar en la parroquia El Furrial, y continuar\u00e1 con la ejecuci\u00f3n de la Agenda Concreta de Acci\u00f3n (ACA) en la entidad.<\/p>\n\n\n\n<p><strong>Estado Zulia<\/strong><\/p>\n\n\n\n<p>En cuanto a las iniciativas tomadas por el Poder Popular, en Cabimas se inaugur\u00f3 una Ruta de Potabilizaci\u00f3n de Aguas para la distribuci\u00f3n del vital l\u00edquido en este territorio.<\/p>\n\n\n\n<p><strong>Estado Apure<\/strong><\/p>\n\n\n\n<p>En el municipio San Fernando de Apure, se aprob\u00f3&nbsp; un proyecto de salud para la recuperaci\u00f3n y dotaci\u00f3n de una Sala de Rehabilitaci\u00f3n Integral (SRI), as\u00ed como la&nbsp; compra de una planta el\u00e9ctrica de 15HP para el sector Tamarindo.<\/p>\n\n\n\n<p><strong>Estado M\u00e9rida<\/strong><\/p>\n\n\n\n<p>En el municipio Libertador, sector Santa Elena, la \u00abComuna Bicentenaria 16 de septiembre\u00bb est\u00e1 vinculada con 21 comunas y cuenta con una poblaci\u00f3n aproximada de 35 mil habitantes, quienes votaron por la rehabilitaci\u00f3n de un Consultorio Popular que beneficiar\u00e1 a toda su poblaci\u00f3n.<\/p>\n\n\n\n<p>Por otra parte, el Dignatario nacional anunci\u00f3 que ya se encuentra instalada la Sala Nacional de Gobierno Popular, en donde se dar\u00e1 seguimiento a los proyectos que est\u00e9n en curso, as\u00ed como los aprobados, en todos los estados del pa\u00eds.<\/p>\n\n\n\n<p>En este contexto, el Mandatario venezolano refiri\u00f3, en cuanto a estas acciones, que \u00abse debe combinar la eficiencia y la eficacia para lograr el cumplimiento de la Agenda Concreta de Acci\u00f3n\u00bb.<\/p>\n\n\n\n<p><strong>Prensa Presidencial\/Irmary D\u00edaz.<\/strong><\/p>\n","protected":false},"excerpt":{"rendered":"<p>Palacio de Miraflores, Caracas.- El presidente de la Rep\u00fablica Bolivariana de Venezuela, Nicol\u00e1s Maduro Moros, instruy\u00f3 a los ministerios del Gobierno Bolivariano ponerse al servicio de los proyectos comunitarios aprobados y los que entrar\u00e1n en evaluaci\u00f3n para los venideros procesos de consulta popular. Aunado a ello, inst\u00f3 al Vicepresidente Sectorial de Obras P\u00fablicas y Servicios, [&hellip;]<\/p>\n","protected":false},"author":1,"featured_media":17145,"comment_status":"open","ping_status":"open","sticky":false,"template":"","format":"standard","meta":{"footnotes":""},"categories":[18,7],"tags":[812,560,637],"class_list":["post-17144","post","type-post","status-publish","format-standard","has-post-thumbnail","hentry","category-noticias-principales","category-notas-de-prensa","tag-ministerios","tag-proyectos","tag-servicios"],"_links":{"self":[{"href":"https:\/\/prensapresidencialvenezuela.gob.ve\/index.php\/wp-json\/wp\/v2\/posts\/17144","targetHints":{"allow":["GET"]}}],"collection":[{"href":"https:\/\/prensapresidencialvenezuela.gob.ve\/index.php\/wp-json\/wp\/v2\/posts"}],"about":[{"href":"https:\/\/prensapresidencialvenezuela.gob.ve\/index.php\/wp-json\/wp\/v2\/types\/post"}],"author":[{"embeddable":true,"href":"https:\/\/prensapresidencialvenezuela.gob.ve\/index.php\/wp-json\/wp\/v2\/users\/1"}],"replies":[{"embeddable":true,"href":"https:\/\/prensapresidencialvenezuela.gob.ve\/index.php\/wp-json\/wp\/v2\/comments?post=17144"}],"version-history":[{"count":1,"href":"https:\/\/prensapresidencialvenezuela.gob.ve\/index.php\/wp-json\/wp\/v2\/posts\/17144\/revisions"}],"predecessor-version":[{"id":17146,"href":"https:\/\/prensapresidencialvenezuela.gob.ve\/index.php\/wp-json\/wp\/v2\/posts\/17144\/revisions\/17146"}],"wp:featuredmedia":[{"embeddable":true,"href":"https:\/\/prensapresidencialvenezuela.gob.ve\/index.php\/wp-json\/wp\/v2\/media\/17145"}],"wp:attachment":[{"href":"https:\/\/prensapresidencialvenezuela.gob.ve\/index.php\/wp-json\/wp\/v2\/media?parent=17144"}],"wp:term":[{"taxonomy":"category","embeddable":true,"href":"https:\/\/prensapresidencialvenezuela.gob.ve\/index.php\/wp-json\/wp\/v2\/categories?post=17144"},{"taxonomy":"post_tag","embeddable":true,"href":"https:\/\/prensapresidencialvenezuela.gob.ve\/index.php\/wp-json\/wp\/v2\/tags?post=17144"}],"curies":[{"name":"wp","href":"https:\/\/api.w.org\/{rel}","templated":true}]}}