{"id":17168,"date":"2025-02-07T14:13:14","date_gmt":"2025-02-07T18:13:14","guid":{"rendered":"https:\/\/prensapresidencialvenezuela.gob.ve\/?p=17168"},"modified":"2025-02-07T14:14:36","modified_gmt":"2025-02-07T18:14:36","slug":"designado-hector-rodriguez-como-vicepresidente-del-gran-bloque-historico-psuv","status":"publish","type":"post","link":"https:\/\/prensapresidencialvenezuela.gob.ve\/index.php\/2025\/02\/07\/designado-hector-rodriguez-como-vicepresidente-del-gran-bloque-historico-psuv\/","title":{"rendered":"Designado H\u00e9ctor Rodr\u00edguez como vicepresidente del Gran Bloque Hist\u00f3rico PSUV"},"content":{"rendered":"\n<p><strong>La Carlota, estado Miranda.-<\/strong> Durante la clausura de la Plenaria Extraordinaria del Congreso del Partido Socialista Unido de Venezuela (PSUV) y la Juventud del PSUV (JPSUV), el presidente Nicol\u00e1s Maduro design\u00f3 como vicepresidente del Gran Bloque Hist\u00f3rico PSUV a H\u00e9ctor Rodr\u00edguez.<\/p>\n\n\n\n<p>\u00abPropongo a este congreso la necesidad de reactivar la Vicepresidencia de la Direcci\u00f3n Nacional para Alianzas y pudi\u00e9ramos llamarla: reactivar la Vicepresidencia del Gran Bloque Hist\u00f3rico que nos incluye a todos (\u2026) Le he pedido compa\u00f1ero H\u00e9ctor Rodr\u00edguez que se incorpore como vicepresidente de la Direcci\u00f3n Nacional para la Construcci\u00f3n del Gran Bloque Hist\u00f3rico\u00bb, indic\u00f3, al subrayar la relevancia de esta figura en el proceso de consolidaci\u00f3n de alianzas.<\/p>\n\n\n\n<p>Adem\u00e1s, asign\u00f3 una tarea espec\u00edfica a Rodr\u00edguez: \u00abLa preparaci\u00f3n del plan principal de transformaciones que hay que hacer en las gobernaciones a la luz de la revoluci\u00f3n de las 7T\u00bb, y a\u00f1adi\u00f3 que este plan est\u00e9 listo en un plazo de diez d\u00edas.<\/p>\n\n\n\n<p>Asimismo, inst\u00f3 a los futuros candidatos y candidatas \u00aba las 24 gobernaciones (\u2026), tienen que llegar con su plan para voltear como una media toda las gobernaciones y ponerlas al servicio de la gente de a pie, del hombre, la mujer del pueblo, de la familia, del Poder Popular\u00bb.<\/p>\n\n\n\n<p><strong>Prensa Presidencial \/ Eduardo Hueck<\/strong><\/p>\n","protected":false},"excerpt":{"rendered":"<p>La Carlota, estado Miranda.- Durante la clausura de la Plenaria Extraordinaria del Congreso del Partido Socialista Unido de Venezuela (PSUV) y la Juventud del PSUV (JPSUV), el presidente Nicol\u00e1s Maduro design\u00f3 como vicepresidente del Gran Bloque Hist\u00f3rico PSUV a H\u00e9ctor Rodr\u00edguez. \u00abPropongo a este congreso la necesidad de reactivar la Vicepresidencia de la Direcci\u00f3n Nacional [&hellip;]<\/p>\n","protected":false},"author":1,"featured_media":17178,"comment_status":"open","ping_status":"open","sticky":false,"template":"","format":"standard","meta":{"footnotes":""},"categories":[18,7],"tags":[1026,1328,1039,1329],"class_list":["post-17168","post","type-post","status-publish","format-standard","has-post-thumbnail","hentry","category-noticias-principales","category-notas-de-prensa","tag-bloque","tag-hector","tag-historico","tag-vicepresidnete"],"_links":{"self":[{"href":"https:\/\/prensapresidencialvenezuela.gob.ve\/index.php\/wp-json\/wp\/v2\/posts\/17168","targetHints":{"allow":["GET"]}}],"collection":[{"href":"https:\/\/prensapresidencialvenezuela.gob.ve\/index.php\/wp-json\/wp\/v2\/posts"}],"about":[{"href":"https:\/\/prensapresidencialvenezuela.gob.ve\/index.php\/wp-json\/wp\/v2\/types\/post"}],"author":[{"embeddable":true,"href":"https:\/\/prensapresidencialvenezuela.gob.ve\/index.php\/wp-json\/wp\/v2\/users\/1"}],"replies":[{"embeddable":true,"href":"https:\/\/prensapresidencialvenezuela.gob.ve\/index.php\/wp-json\/wp\/v2\/comments?post=17168"}],"version-history":[{"count":2,"href":"https:\/\/prensapresidencialvenezuela.gob.ve\/index.php\/wp-json\/wp\/v2\/posts\/17168\/revisions"}],"predecessor-version":[{"id":17179,"href":"https:\/\/prensapresidencialvenezuela.gob.ve\/index.php\/wp-json\/wp\/v2\/posts\/17168\/revisions\/17179"}],"wp:featuredmedia":[{"embeddable":true,"href":"https:\/\/prensapresidencialvenezuela.gob.ve\/index.php\/wp-json\/wp\/v2\/media\/17178"}],"wp:attachment":[{"href":"https:\/\/prensapresidencialvenezuela.gob.ve\/index.php\/wp-json\/wp\/v2\/media?parent=17168"}],"wp:term":[{"taxonomy":"category","embeddable":true,"href":"https:\/\/prensapresidencialvenezuela.gob.ve\/index.php\/wp-json\/wp\/v2\/categories?post=17168"},{"taxonomy":"post_tag","embeddable":true,"href":"https:\/\/prensapresidencialvenezuela.gob.ve\/index.php\/wp-json\/wp\/v2\/tags?post=17168"}],"curies":[{"name":"wp","href":"https:\/\/api.w.org\/{rel}","templated":true}]}}