{"id":17184,"date":"2025-02-07T20:11:44","date_gmt":"2025-02-08T00:11:44","guid":{"rendered":"https:\/\/prensapresidencialvenezuela.gob.ve\/?p=17184"},"modified":"2025-02-07T20:11:44","modified_gmt":"2025-02-08T00:11:44","slug":"presidente-maduro-instruye-al-avance-en-las-jornadas-de-debate-trabajo-y-planificacion-en-los-mas-de-5-mil-circuitos-comunales","status":"publish","type":"post","link":"https:\/\/prensapresidencialvenezuela.gob.ve\/index.php\/2025\/02\/07\/presidente-maduro-instruye-al-avance-en-las-jornadas-de-debate-trabajo-y-planificacion-en-los-mas-de-5-mil-circuitos-comunales\/","title":{"rendered":"Presidente Maduro instruye al avance en las jornadas de debate, trabajo y planificaci\u00f3n en los m\u00e1s de 5 mil circuitos comunales"},"content":{"rendered":"\n<p><strong>Vicepresidencia de la Rep\u00fablica, Caracas- \u2013<\/strong> Durante la activaci\u00f3n de la Sala de Autogobierno Comunal, el presidente de la Rep\u00fablica Bolivariana de Venezuela, Nicol\u00e1s Maduro, instruy\u00f3 a seguir avanzando \u00aben las jornadas de debate, trabajo y planificaci\u00f3n en los 5 mil 338 circuitos comunales\u00bb.<\/p>\n\n\n\n<p>Durante su intervenci\u00f3n, destac\u00f3 la importancia de territorializar el Plan de las siente transformaciones, al se\u00f1alar que \u00abcada circuito comunal debe tener su 7T\u00bb, refiri\u00e9ndose a las siete transformaciones necesarias para el desarrollo.<\/p>\n\n\n\n<p>El Mandatario subray\u00f3 que ya se cuenta con los instrumentos necesarios para llevar a cabo este el plan: \u00abtenemos la cartograf\u00eda del presente, tenemos la Agenda Concreta Acci\u00f3n (ACA), tenemos las consultas (cuatro por a\u00f1o) para llevar los proyectos de la Agenda Concreta Acci\u00f3n a la realizaci\u00f3n\u00bb.<\/p>\n\n\n\n<p>Adem\u00e1s, enfatiz\u00f3 que el \u00abplan de las siete transformaciones\u00bb ser\u00e1 fundamental para construir la \u00abcartograf\u00eda del futuro\u00bb, un instrumento que permitir\u00e1 a las comunidades visualizar c\u00f3mo desean que sea su entorno en los pr\u00f3ximos a\u00f1os.<\/p>\n\n\n\n<p>\u00abUna comunidad de paz, de convivencia, con pleno servicio, con armon\u00eda, felicidad, educaci\u00f3n, salud, recreaci\u00f3n y bella. Cada comunidad un para\u00edso\u00bb, fij\u00f3 como meta el presidente Maduro.<\/p>\n\n\n\n<p>Tambi\u00e9n mencion\u00f3 que ya se ha establecido una fecha para esta jornada, que servir\u00e1 como \u00abel preludio del gran debate en la Asamblea Nacional donde ser\u00e1 aprobado el Plan de las 7 Transformaciones\u00bb.<\/p>\n\n\n\n<p>El Presidente asegur\u00f3 que este plan ser\u00e1 \u00abaprobado como Ley Org\u00e1nica de la Rep\u00fablica Bolivariana de Venezuela, como manda la constituci\u00f3n y ya ser\u00e1 la ley de todos y de todas, ser\u00e1 la ley del pueblo\u00bb. En este sentido, declar\u00f3 que \u00abes una revoluci\u00f3n dentro de la revoluci\u00f3n, es un nuevo comienzo\u00bb.<\/p>\n\n\n\n<p>El Jefe de Estado hizo hincapi\u00e9 en los logros alcanzados hasta ahora: \u00abHemos activado de manera exitosa 5 transformaciones, vamos avanzando desde todos los frentes de batalla\u00bb, asimismo, afirm\u00f3 que desde \u00ablos cuatro puntos cardinales vamos construyendo el nuevo sistema de Gobierno Popular\u00bb, al destacar que este proceso representa \u00abla creaci\u00f3n de lo nuevo\u00bb.<\/p>\n\n\n\n<p>El Dignatario venezolano en su discurso afirm\u00f3 que el pa\u00eds est\u00e1 \u00abcruzando la frontera de la visualizaci\u00f3n y la concreci\u00f3n de la bendita construcci\u00f3n del Estado nuevo\u00bb, dejando atr\u00e1s \u00ablos atisbos burocr\u00e1tico, corruptos y destructivos del viejo Estado burgu\u00e9s herencia del viejo Estado autoritario, colonial, neo colonial, terrateniente y de la burgues\u00eda parasitaria\u00bb. Con estas palabras, el presidente Nicol\u00e1s Maduro reafirma su compromiso con un cambio profundo en la estructura gubernamental del pa\u00eds.<\/p>\n\n\n\n<p><strong>Prensa Presidencial \\ Eduardo Hueck<\/strong><\/p>\n","protected":false},"excerpt":{"rendered":"<p>Vicepresidencia de la Rep\u00fablica, Caracas- \u2013 Durante la activaci\u00f3n de la Sala de Autogobierno Comunal, el presidente de la Rep\u00fablica Bolivariana de Venezuela, Nicol\u00e1s Maduro, instruy\u00f3 a seguir avanzando \u00aben las jornadas de debate, trabajo y planificaci\u00f3n en los 5 mil 338 circuitos comunales\u00bb. Durante su intervenci\u00f3n, destac\u00f3 la importancia de territorializar el Plan de [&hellip;]<\/p>\n","protected":false},"author":1,"featured_media":17185,"comment_status":"open","ping_status":"open","sticky":false,"template":"","format":"standard","meta":{"footnotes":""},"categories":[18,7],"tags":[533,477,1042],"class_list":["post-17184","post","type-post","status-publish","format-standard","has-post-thumbnail","hentry","category-noticias-principales","category-notas-de-prensa","tag-avances","tag-gobierno","tag-planificacion"],"_links":{"self":[{"href":"https:\/\/prensapresidencialvenezuela.gob.ve\/index.php\/wp-json\/wp\/v2\/posts\/17184","targetHints":{"allow":["GET"]}}],"collection":[{"href":"https:\/\/prensapresidencialvenezuela.gob.ve\/index.php\/wp-json\/wp\/v2\/posts"}],"about":[{"href":"https:\/\/prensapresidencialvenezuela.gob.ve\/index.php\/wp-json\/wp\/v2\/types\/post"}],"author":[{"embeddable":true,"href":"https:\/\/prensapresidencialvenezuela.gob.ve\/index.php\/wp-json\/wp\/v2\/users\/1"}],"replies":[{"embeddable":true,"href":"https:\/\/prensapresidencialvenezuela.gob.ve\/index.php\/wp-json\/wp\/v2\/comments?post=17184"}],"version-history":[{"count":1,"href":"https:\/\/prensapresidencialvenezuela.gob.ve\/index.php\/wp-json\/wp\/v2\/posts\/17184\/revisions"}],"predecessor-version":[{"id":17186,"href":"https:\/\/prensapresidencialvenezuela.gob.ve\/index.php\/wp-json\/wp\/v2\/posts\/17184\/revisions\/17186"}],"wp:featuredmedia":[{"embeddable":true,"href":"https:\/\/prensapresidencialvenezuela.gob.ve\/index.php\/wp-json\/wp\/v2\/media\/17185"}],"wp:attachment":[{"href":"https:\/\/prensapresidencialvenezuela.gob.ve\/index.php\/wp-json\/wp\/v2\/media?parent=17184"}],"wp:term":[{"taxonomy":"category","embeddable":true,"href":"https:\/\/prensapresidencialvenezuela.gob.ve\/index.php\/wp-json\/wp\/v2\/categories?post=17184"},{"taxonomy":"post_tag","embeddable":true,"href":"https:\/\/prensapresidencialvenezuela.gob.ve\/index.php\/wp-json\/wp\/v2\/tags?post=17184"}],"curies":[{"name":"wp","href":"https:\/\/api.w.org\/{rel}","templated":true}]}}