{"id":17187,"date":"2025-02-07T20:21:29","date_gmt":"2025-02-08T00:21:29","guid":{"rendered":"https:\/\/prensapresidencialvenezuela.gob.ve\/?p=17187"},"modified":"2025-02-07T20:21:29","modified_gmt":"2025-02-08T00:21:29","slug":"presidente-maduro-destaca-la-resistencia-del-pueblo-frente-al-extremismo-de-la-derecha-venezolana-y-extranjera","status":"publish","type":"post","link":"https:\/\/prensapresidencialvenezuela.gob.ve\/index.php\/2025\/02\/07\/presidente-maduro-destaca-la-resistencia-del-pueblo-frente-al-extremismo-de-la-derecha-venezolana-y-extranjera\/","title":{"rendered":"Presidente Maduro destaca la resistencia del pueblo frente al extremismo de la derecha venezolana y extranjera"},"content":{"rendered":"\n<p><strong>Vicepresidencia de la Rep\u00fablica, Caracas- \u2013<\/strong> El presidente Nicol\u00e1s Maduro Moros, durante la activaci\u00f3n de la Sala de Autogobierno Comunal, en la sede de la Vicepresidencia de la Rep\u00fablica, record\u00f3 el accionar de los opositores extremistas, tanto nacionales como internaciones, quienes generaron hechos de violencia en febrero de 2019 y que en la actualidad se ha revelado la trama de corrupci\u00f3n de estos individuos.<\/p>\n\n\n\n<p>\u00abLadrones, estafadores \u00bfCu\u00e1nto millones se habr\u00e1n metido en el bolsillo Leopoldo L\u00f3pez, Mar\u00eda Corina Machado, Juan Guaid\u00f3, Julio Borges, David Smolansky y compa\u00f1\u00eda, por la payasada que inventaron? Ah\u00ed estuvo Mike Pence, exvicepresidente de Estado Unido, estuvo Sebasti\u00e1n Pi\u00f1era, James Story. \u00bfEl Jimmy cu\u00e1nta plata sabr\u00e1 robado?\u00bb, record\u00f3 en el contexto del 23 de febrero de 2019, cuando se llev\u00f3 a cabo un intento de invasi\u00f3n al pa\u00eds.<\/p>\n\n\n\n<p>\u00abRecuerden que dijeron \u2018que la ayuda humanitaria\u2019. Y vinieron camiones y ellos quemaron los camiones\u00bb, resalt\u00f3 el Presidente, quien subray\u00f3 que estos extremistas contrataron delincuentes para llevar a cabo sus planes.<\/p>\n\n\n\n<p>\u00abResulta que ellos contrataron como dos mil delincuentes de distintos lugares de C\u00facuta y del occidente de Venezuela e iban a invadir con 2 mil delincuentes Venezuela (\u2026) iban a tomar el puerto de Puerto Cabello, que ven\u00edan por La Guaira, que ven\u00edan por Guanta, que iban a entrar por Brasil con la ayuda de Bolsonaro-expresidente brasile\u00f1o-, que ven\u00edan por Paraguach\u00f3n, que se ven\u00edan de Aruba y Curazao, iban a asaltar todas las costas de Falc\u00f3n\u00bb, resalt\u00f3.<\/p>\n\n\n\n<p>Asimismo, destac\u00f3 la resistencia del pueblo venezolano, especialmente del T\u00e1chira, donde \u00ablos milicianos y milicianas, el Poder Popular se les plant\u00f3 y les dijo: no pasar\u00e1n y fueron derrotados absolutamente, ese d\u00eda triunfo la paz\u00bb.<\/p>\n\n\n\n<p>En su discurso, el Jefe de Estado reafirm\u00f3 su compromiso con la construcci\u00f3n de una \u00abPatria socialista libre, soberana y muy democr\u00e1tica\u00bb, al sostener que hoy m\u00e1s que nunca la Naci\u00f3n se encuentra \u00aben paz, victoriosos y avanzando\u00bb.<\/p>\n\n\n\n<p><strong>Prensa Presidencial \\ Eduardo Hueck<\/strong><\/p>\n","protected":false},"excerpt":{"rendered":"<p>Vicepresidencia de la Rep\u00fablica, Caracas- \u2013 El presidente Nicol\u00e1s Maduro Moros, durante la activaci\u00f3n de la Sala de Autogobierno Comunal, en la sede de la Vicepresidencia de la Rep\u00fablica, record\u00f3 el accionar de los opositores extremistas, tanto nacionales como internaciones, quienes generaron hechos de violencia en febrero de 2019 y que en la actualidad se [&hellip;]<\/p>\n","protected":false},"author":1,"featured_media":17188,"comment_status":"open","ping_status":"open","sticky":false,"template":"","format":"standard","meta":{"footnotes":""},"categories":[18,7],"tags":[1074,721,451,633],"class_list":["post-17187","post","type-post","status-publish","format-standard","has-post-thumbnail","hentry","category-noticias-principales","category-notas-de-prensa","tag-ataques","tag-derecha","tag-pueblo","tag-resistencia"],"_links":{"self":[{"href":"https:\/\/prensapresidencialvenezuela.gob.ve\/index.php\/wp-json\/wp\/v2\/posts\/17187","targetHints":{"allow":["GET"]}}],"collection":[{"href":"https:\/\/prensapresidencialvenezuela.gob.ve\/index.php\/wp-json\/wp\/v2\/posts"}],"about":[{"href":"https:\/\/prensapresidencialvenezuela.gob.ve\/index.php\/wp-json\/wp\/v2\/types\/post"}],"author":[{"embeddable":true,"href":"https:\/\/prensapresidencialvenezuela.gob.ve\/index.php\/wp-json\/wp\/v2\/users\/1"}],"replies":[{"embeddable":true,"href":"https:\/\/prensapresidencialvenezuela.gob.ve\/index.php\/wp-json\/wp\/v2\/comments?post=17187"}],"version-history":[{"count":1,"href":"https:\/\/prensapresidencialvenezuela.gob.ve\/index.php\/wp-json\/wp\/v2\/posts\/17187\/revisions"}],"predecessor-version":[{"id":17189,"href":"https:\/\/prensapresidencialvenezuela.gob.ve\/index.php\/wp-json\/wp\/v2\/posts\/17187\/revisions\/17189"}],"wp:featuredmedia":[{"embeddable":true,"href":"https:\/\/prensapresidencialvenezuela.gob.ve\/index.php\/wp-json\/wp\/v2\/media\/17188"}],"wp:attachment":[{"href":"https:\/\/prensapresidencialvenezuela.gob.ve\/index.php\/wp-json\/wp\/v2\/media?parent=17187"}],"wp:term":[{"taxonomy":"category","embeddable":true,"href":"https:\/\/prensapresidencialvenezuela.gob.ve\/index.php\/wp-json\/wp\/v2\/categories?post=17187"},{"taxonomy":"post_tag","embeddable":true,"href":"https:\/\/prensapresidencialvenezuela.gob.ve\/index.php\/wp-json\/wp\/v2\/tags?post=17187"}],"curies":[{"name":"wp","href":"https:\/\/api.w.org\/{rel}","templated":true}]}}