{"id":1719,"date":"2022-04-20T20:41:00","date_gmt":"2022-04-20T20:41:00","guid":{"rendered":"http:\/\/172.27.0.121\/?p=1719"},"modified":"2022-06-29T20:44:11","modified_gmt":"2022-06-29T20:44:11","slug":"festival-mundial-del-merengue-se-realizara-en-julio","status":"publish","type":"post","link":"https:\/\/prensapresidencialvenezuela.gob.ve\/index.php\/2022\/04\/20\/festival-mundial-del-merengue-se-realizara-en-julio\/","title":{"rendered":"Festival Mundial del Merengue se realizar\u00e1 en julio"},"content":{"rendered":"\n<p><strong>Palacio de Miraflores, Caracas.- <\/strong>El presidente de la Rep\u00fablica, Nicol\u00e1s Maduro, anunci\u00f3 la realizaci\u00f3n del Festival Mundial del Merengue, para el mes de julio en el Poliedro de Caracas.<\/p>\n\n\n\n<p>\u201cEn el mes de julio, en el Poliedro de Caracas, Festival Mundial del Merengue\u201d, comunic\u00f3 el Jefe de Estado, al tiempo que record\u00f3 que los d\u00edas 7, 8 y 9 de junio se realizar\u00e1 en la ciudad capital el Festival Mundial de la Salsa.<\/p>\n\n\n\n<p>La informaci\u00f3n fue dada a conocer durante un encuentro con los exponentes internacionales de este g\u00e9nero musical Bonny Cepeda, Aramis Camilo y Kinito M\u00e9ndez y los artistas nacionales Omar Acedo y Omar Enrique, que se llevo a cabo la noche de este mi\u00e9rcoles en el Palacio de Miraflores.<\/p>\n\n\n\n<p>En este contexto, el Mandatario nacional invit\u00f3 a todos a aquellos artistas que quieran ofrecer conciertos, para el disfrute del pueblo venezolano, a venir a la naci\u00f3n suramericana.<\/p>\n\n\n\n<p>\u201cBienvenido todo el que quiera venir a cantar, a presentarse. Todo el que quiera venir de buena fe, con bendiciones, con amor, nuestra Venezuela siempre estar\u00e1 a la orden, que vengan a alegrar el coraz\u00f3n de la gente\u201d, recalc\u00f3.<\/p>\n\n\n\n<p>La creciente actividad cultural, reflejada en el gran n\u00famero de conciertos que se est\u00e1n realizando en el pa\u00eds, son reflejo de la recuperaci\u00f3n que experimenta Venezuela producto de la pol\u00edticas econ\u00f3micas implementadas por el Ejecutivo nacional, el esfuerzo y el trabajo del pueblo venezolano.<\/p>\n\n\n\n<p><strong>Prensa Presidencial\/Karla Cotoret<\/strong><\/p>\n","protected":false},"excerpt":{"rendered":"<p>Palacio de Miraflores, Caracas.- El presidente de la Rep\u00fablica, Nicol\u00e1s Maduro, anunci\u00f3 la realizaci\u00f3n del Festival Mundial del Merengue, para el mes de julio en el Poliedro de Caracas. \u201cEn el mes de julio, en el Poliedro de Caracas, Festival Mundial del Merengue\u201d, comunic\u00f3 el Jefe de Estado, al tiempo que record\u00f3 que los d\u00edas [&hellip;]<\/p>\n","protected":false},"author":6,"featured_media":1720,"comment_status":"open","ping_status":"open","sticky":false,"template":"","format":"standard","meta":{"footnotes":""},"categories":[7],"tags":[],"class_list":["post-1719","post","type-post","status-publish","format-standard","has-post-thumbnail","hentry","category-notas-de-prensa"],"_links":{"self":[{"href":"https:\/\/prensapresidencialvenezuela.gob.ve\/index.php\/wp-json\/wp\/v2\/posts\/1719","targetHints":{"allow":["GET"]}}],"collection":[{"href":"https:\/\/prensapresidencialvenezuela.gob.ve\/index.php\/wp-json\/wp\/v2\/posts"}],"about":[{"href":"https:\/\/prensapresidencialvenezuela.gob.ve\/index.php\/wp-json\/wp\/v2\/types\/post"}],"author":[{"embeddable":true,"href":"https:\/\/prensapresidencialvenezuela.gob.ve\/index.php\/wp-json\/wp\/v2\/users\/6"}],"replies":[{"embeddable":true,"href":"https:\/\/prensapresidencialvenezuela.gob.ve\/index.php\/wp-json\/wp\/v2\/comments?post=1719"}],"version-history":[{"count":1,"href":"https:\/\/prensapresidencialvenezuela.gob.ve\/index.php\/wp-json\/wp\/v2\/posts\/1719\/revisions"}],"predecessor-version":[{"id":1721,"href":"https:\/\/prensapresidencialvenezuela.gob.ve\/index.php\/wp-json\/wp\/v2\/posts\/1719\/revisions\/1721"}],"wp:featuredmedia":[{"embeddable":true,"href":"https:\/\/prensapresidencialvenezuela.gob.ve\/index.php\/wp-json\/wp\/v2\/media\/1720"}],"wp:attachment":[{"href":"https:\/\/prensapresidencialvenezuela.gob.ve\/index.php\/wp-json\/wp\/v2\/media?parent=1719"}],"wp:term":[{"taxonomy":"category","embeddable":true,"href":"https:\/\/prensapresidencialvenezuela.gob.ve\/index.php\/wp-json\/wp\/v2\/categories?post=1719"},{"taxonomy":"post_tag","embeddable":true,"href":"https:\/\/prensapresidencialvenezuela.gob.ve\/index.php\/wp-json\/wp\/v2\/tags?post=1719"}],"curies":[{"name":"wp","href":"https:\/\/api.w.org\/{rel}","templated":true}]}}