{"id":17193,"date":"2025-02-07T20:32:09","date_gmt":"2025-02-08T00:32:09","guid":{"rendered":"https:\/\/prensapresidencialvenezuela.gob.ve\/?p=17193"},"modified":"2025-02-07T20:32:37","modified_gmt":"2025-02-08T00:32:37","slug":"construccion-popular-y-antifascismo-el-llamado-de-la-revolucion-para-superar-el-viejo-estado-burgues","status":"publish","type":"post","link":"https:\/\/prensapresidencialvenezuela.gob.ve\/index.php\/2025\/02\/07\/construccion-popular-y-antifascismo-el-llamado-de-la-revolucion-para-superar-el-viejo-estado-burgues\/","title":{"rendered":"Construcci\u00f3n popular y antifascismo: El llamado de la Revoluci\u00f3n para superar el viejo Estado burgu\u00e9s"},"content":{"rendered":"\n<p><strong>Vicepresidencia de la Rep\u00fablica, Caracas.-<\/strong> En una contundente declaraci\u00f3n, el presidente de la Rep\u00fablica Bolivariana de Venezuela, Nicol\u00e1s Maduro, hizo un llamado al pueblo venezolano para la construcci\u00f3n de un nuevo Estado, en clara oposici\u00f3n al legado del viejo Estado burgu\u00e9s, colonial y neocolonial, que ha perpetuado la explotaci\u00f3n y la injusticia.<\/p>\n\n\n\n<p>En su discurso, el Presidente describi\u00f3 al antiguo sistema como genocida y esclavista, recordando que la burgues\u00eda parasitaria ha dejado una herencia de sufrimiento y marginaci\u00f3n.<\/p>\n\n\n\n<p>El jefe de Estado enfatiz\u00f3 la urgencia de avanzar hacia un nuevo orden pol\u00edtico, advirtiendo sobre los obst\u00e1culos que representa la resistencia al cambio: \u00abAquellos zombis del pasado que, como fuerzas oscuras, intentan sabotear la transici\u00f3n hacia un Estado verdaderamente popular y socialista\u00bb, afirm\u00f3.<\/p>\n\n\n\n<p>El Mandatario alert\u00f3 sobre el resurgimiento de ideolog\u00edas fascistas, citando ejemplos hist\u00f3ricos de Argentina y figuras nefastas como Mussolini y Hitler, como advertencias sobre los peligros de una esperanza popular agotada.<\/p>\n\n\n\n<p>El presidente Maduro no escatim\u00f3 en cr\u00edticas hacia la oposici\u00f3n, se\u00f1alando a Javier Milei como un representante del fascismo contempor\u00e1neo: \u00abUn nazi que se regocija en el sufrimiento de los humildes y necesitados\u00bb. En este contexto, Maduro hizo un llamado a acelerar la marcha hacia un Estado eficaz y revolucionario, argumentando que la emergencia de la derecha es una consecuencia directa de la falta de concreci\u00f3n de un proyecto nacional popular.<\/p>\n\n\n\n<p>A trav\u00e9s de su discurso, el Presidente reafirm\u00f3 la necesidad de construir un futuro liberado de las cadenas del pasado, donde el Poder Popular y la solidaridad sean los pilares fundamentales de la nueva Venezuela. La reflexi\u00f3n sobre el rol cr\u00edtico del pueblo en este proceso es m\u00e1s pertinentemente, urgente que nunca, en la lucha contra la ineficacia y el imperialismo que amenazan con socavar los logros alcanzados.<\/p>\n\n\n\n<p>La construcci\u00f3n de un nuevo Estado, en palabras del presidente Maduro, no solo requiere valent\u00eda y determinaci\u00f3n, sino tambi\u00e9n un firme compromiso de todos los venezolanos, para garantizar que la historia no vuelva a repetirse y que el sue\u00f1o de una Venezuela justa y libre se haga realidad.<\/p>\n\n\n\n<p><strong>Prensa Presidencial\/ Luis Tavera&nbsp;&nbsp;&nbsp;&nbsp;&nbsp;&nbsp;&nbsp;&nbsp;&nbsp;&nbsp;&nbsp;&nbsp;&nbsp;&nbsp;&nbsp;&nbsp;&nbsp;&nbsp;&nbsp;&nbsp;&nbsp;&nbsp;&nbsp;&nbsp;&nbsp;&nbsp;&nbsp;&nbsp;&nbsp;&nbsp;&nbsp;&nbsp;&nbsp;&nbsp;&nbsp;&nbsp;&nbsp;&nbsp;&nbsp;&nbsp;&nbsp;&nbsp;&nbsp;&nbsp;&nbsp;&nbsp;&nbsp;&nbsp;&nbsp;&nbsp;&nbsp;&nbsp;&nbsp;&nbsp;&nbsp;&nbsp;&nbsp;&nbsp;&nbsp;&nbsp;&nbsp;&nbsp;&nbsp;&nbsp;&nbsp;&nbsp;&nbsp;&nbsp;&nbsp;&nbsp;&nbsp;&nbsp;&nbsp;&nbsp;&nbsp;&nbsp;&nbsp;&nbsp;&nbsp;&nbsp;&nbsp;&nbsp;&nbsp;&nbsp;&nbsp;&nbsp;&nbsp;&nbsp;&nbsp;&nbsp;&nbsp;&nbsp;&nbsp;&nbsp;&nbsp;&nbsp;&nbsp;&nbsp;&nbsp;&nbsp;&nbsp;&nbsp;&nbsp;&nbsp;&nbsp;&nbsp;&nbsp;&nbsp;&nbsp;&nbsp;&nbsp;&nbsp;&nbsp;&nbsp;&nbsp;&nbsp;&nbsp;&nbsp;&nbsp;&nbsp;&nbsp;&nbsp;&nbsp;&nbsp;&nbsp;&nbsp;&nbsp;&nbsp;&nbsp;&nbsp;&nbsp;&nbsp;&nbsp;&nbsp;&nbsp;&nbsp;&nbsp;&nbsp;&nbsp;&nbsp;&nbsp;&nbsp;&nbsp;&nbsp;&nbsp;&nbsp;&nbsp;&nbsp;&nbsp;&nbsp;&nbsp;&nbsp;&nbsp;&nbsp;&nbsp;&nbsp;&nbsp;&nbsp;&nbsp;&nbsp;&nbsp;&nbsp;&nbsp;&nbsp;&nbsp;&nbsp;&nbsp;&nbsp;&nbsp;&nbsp;&nbsp;&nbsp;&nbsp;&nbsp;&nbsp;&nbsp;&nbsp;&nbsp;&nbsp;&nbsp;&nbsp;&nbsp;&nbsp;&nbsp;&nbsp;&nbsp;&nbsp;&nbsp;&nbsp;&nbsp;&nbsp;&nbsp;&nbsp;&nbsp;&nbsp;&nbsp;&nbsp;&nbsp;&nbsp;&nbsp;&nbsp;&nbsp;&nbsp;&nbsp;&nbsp;&nbsp;&nbsp;&nbsp;&nbsp;&nbsp;&nbsp;&nbsp;&nbsp;&nbsp;&nbsp;&nbsp;&nbsp;&nbsp;&nbsp;&nbsp;&nbsp;&nbsp;&nbsp; &nbsp;&nbsp;&nbsp;&nbsp;&nbsp;&nbsp;&nbsp;&nbsp;&nbsp;&nbsp;&nbsp;&nbsp;&nbsp;&nbsp;&nbsp;&nbsp;&nbsp;&nbsp;&nbsp;&nbsp;&nbsp;&nbsp;&nbsp;&nbsp;&nbsp;&nbsp;&nbsp;&nbsp;&nbsp;&nbsp;&nbsp;&nbsp;&nbsp;&nbsp;&nbsp;&nbsp;&nbsp;&nbsp;&nbsp;&nbsp;&nbsp;&nbsp;&nbsp;&nbsp;&nbsp;&nbsp;&nbsp;&nbsp;&nbsp;&nbsp;&nbsp;&nbsp;&nbsp;&nbsp;&nbsp;<\/strong><\/p>\n","protected":false},"excerpt":{"rendered":"<p>Vicepresidencia de la Rep\u00fablica, Caracas.- En una contundente declaraci\u00f3n, el presidente de la Rep\u00fablica Bolivariana de Venezuela, Nicol\u00e1s Maduro, hizo un llamado al pueblo venezolano para la construcci\u00f3n de un nuevo Estado, en clara oposici\u00f3n al legado del viejo Estado burgu\u00e9s, colonial y neocolonial, que ha perpetuado la explotaci\u00f3n y la injusticia. En su discurso, [&hellip;]<\/p>\n","protected":false},"author":1,"featured_media":17194,"comment_status":"open","ping_status":"open","sticky":false,"template":"","format":"standard","meta":{"footnotes":""},"categories":[18,7],"tags":[870,621,1330],"class_list":["post-17193","post","type-post","status-publish","format-standard","has-post-thumbnail","hentry","category-noticias-principales","category-notas-de-prensa","tag-antifascismo","tag-estado","tag-nuevo"],"_links":{"self":[{"href":"https:\/\/prensapresidencialvenezuela.gob.ve\/index.php\/wp-json\/wp\/v2\/posts\/17193","targetHints":{"allow":["GET"]}}],"collection":[{"href":"https:\/\/prensapresidencialvenezuela.gob.ve\/index.php\/wp-json\/wp\/v2\/posts"}],"about":[{"href":"https:\/\/prensapresidencialvenezuela.gob.ve\/index.php\/wp-json\/wp\/v2\/types\/post"}],"author":[{"embeddable":true,"href":"https:\/\/prensapresidencialvenezuela.gob.ve\/index.php\/wp-json\/wp\/v2\/users\/1"}],"replies":[{"embeddable":true,"href":"https:\/\/prensapresidencialvenezuela.gob.ve\/index.php\/wp-json\/wp\/v2\/comments?post=17193"}],"version-history":[{"count":2,"href":"https:\/\/prensapresidencialvenezuela.gob.ve\/index.php\/wp-json\/wp\/v2\/posts\/17193\/revisions"}],"predecessor-version":[{"id":17196,"href":"https:\/\/prensapresidencialvenezuela.gob.ve\/index.php\/wp-json\/wp\/v2\/posts\/17193\/revisions\/17196"}],"wp:featuredmedia":[{"embeddable":true,"href":"https:\/\/prensapresidencialvenezuela.gob.ve\/index.php\/wp-json\/wp\/v2\/media\/17194"}],"wp:attachment":[{"href":"https:\/\/prensapresidencialvenezuela.gob.ve\/index.php\/wp-json\/wp\/v2\/media?parent=17193"}],"wp:term":[{"taxonomy":"category","embeddable":true,"href":"https:\/\/prensapresidencialvenezuela.gob.ve\/index.php\/wp-json\/wp\/v2\/categories?post=17193"},{"taxonomy":"post_tag","embeddable":true,"href":"https:\/\/prensapresidencialvenezuela.gob.ve\/index.php\/wp-json\/wp\/v2\/tags?post=17193"}],"curies":[{"name":"wp","href":"https:\/\/api.w.org\/{rel}","templated":true}]}}