{"id":17243,"date":"2025-02-10T20:46:26","date_gmt":"2025-02-11T00:46:26","guid":{"rendered":"https:\/\/prensapresidencialvenezuela.gob.ve\/?p=17243"},"modified":"2025-02-10T21:10:35","modified_gmt":"2025-02-11T01:10:35","slug":"venezuela-firmara-acuerdos-con-la-india-en-la-tercera-edicion-anual-de-la-semana-de-la-energia","status":"publish","type":"post","link":"https:\/\/prensapresidencialvenezuela.gob.ve\/index.php\/2025\/02\/10\/venezuela-firmara-acuerdos-con-la-india-en-la-tercera-edicion-anual-de-la-semana-de-la-energia\/","title":{"rendered":"Venezuela firmar\u00e1 acuerdos con la India en la Tercera Edici\u00f3n Anual de la Semana de la Energ\u00eda"},"content":{"rendered":"\n<p><strong>Palacio de Miraflores, Caracas.-<\/strong> Durante el programa <em>Con Maduro +<\/em>, el jefe de Estado y Gobierno, Nicol\u00e1s Maduro, destac\u00f3 la importancia de la visita de la vicepresidenta Ejecutiva de la Rep\u00fablica y ministra del Poder Popular de Hidrocarburos, Delcy Rodr\u00edguez, a la India.<\/p>\n\n\n\n<p>\u00ab(\u2026) aterrizando en nueva Delhi, La India, nuestra vicepresidenta ejecutiva de la Rep\u00fablica, Delcy Rodr\u00edguez. Eso se llama diplomacia de alto nivel, va para all\u00e1 invitada por el Gobierno de la India\u00bb.<br><br>El presidente Maduro inform\u00f3 que la naci\u00f3n fue invitada para participar en la Tercera Edici\u00f3n Anual de la Semana de la Energ\u00eda, donde se espera \u00abfirmar important\u00edsimos acuerdos con la India, important\u00edsimos convenios de energ\u00eda\u00bb.<\/p>\n\n\n\n<p>Adem\u00e1s, el Jefe de Estado mencion\u00f3 que acompa\u00f1an a la vicepresidenta la ministra de Comerio Exterior, Coromoto Godoy, y la presidenta del Instituto Marca Pa\u00eds, Daniela Cabello.<\/p>\n\n\n\n<p>\u00abUn equipo bien capaz, Venezuela tiene un equipo capaz de mujeres profesionales que est\u00e1n por el mundo entero\u00bb, enfatiz\u00f3.<br><br>El Mandatario tambi\u00e9n hizo hincapi\u00e9 en el crecimiento de Venezuela en el \u00e1mbito internacional, tras destacar que \u00abVenezuela se est\u00e1 abriendo paso agigantado en el mundo\u00bb.<\/p>\n\n\n\n<p>El Dignatario reiter\u00f3 que se recibir\u00e1n \u00abbuenas noticias\u00bb por parte de la vicepresidenta, quien estar\u00e1 en la India durante toda la semana, para llevar a cabo reuniones de alto nivel con el Gobierno de la India y firmar importantes acuerdos.<\/p>\n\n\n\n<p><strong>Prensa Presidencial \/ Eduardo Hueck<\/strong><\/p>\n","protected":false},"excerpt":{"rendered":"<p>Palacio de Miraflores, Caracas.- Durante el programa Con Maduro +, el jefe de Estado y Gobierno, Nicol\u00e1s Maduro, destac\u00f3 la importancia de la visita de la vicepresidenta Ejecutiva de la Rep\u00fablica y ministra del Poder Popular de Hidrocarburos, Delcy Rodr\u00edguez, a la India. \u00ab(\u2026) aterrizando en nueva Delhi, La India, nuestra vicepresidenta ejecutiva de la [&hellip;]<\/p>\n","protected":false},"author":1,"featured_media":17244,"comment_status":"open","ping_status":"open","sticky":false,"template":"","format":"standard","meta":{"footnotes":""},"categories":[18,7],"tags":[902,1335,20],"class_list":["post-17243","post","type-post","status-publish","format-standard","has-post-thumbnail","hentry","category-noticias-principales","category-notas-de-prensa","tag-energia","tag-india","tag-venezuela"],"_links":{"self":[{"href":"https:\/\/prensapresidencialvenezuela.gob.ve\/index.php\/wp-json\/wp\/v2\/posts\/17243","targetHints":{"allow":["GET"]}}],"collection":[{"href":"https:\/\/prensapresidencialvenezuela.gob.ve\/index.php\/wp-json\/wp\/v2\/posts"}],"about":[{"href":"https:\/\/prensapresidencialvenezuela.gob.ve\/index.php\/wp-json\/wp\/v2\/types\/post"}],"author":[{"embeddable":true,"href":"https:\/\/prensapresidencialvenezuela.gob.ve\/index.php\/wp-json\/wp\/v2\/users\/1"}],"replies":[{"embeddable":true,"href":"https:\/\/prensapresidencialvenezuela.gob.ve\/index.php\/wp-json\/wp\/v2\/comments?post=17243"}],"version-history":[{"count":2,"href":"https:\/\/prensapresidencialvenezuela.gob.ve\/index.php\/wp-json\/wp\/v2\/posts\/17243\/revisions"}],"predecessor-version":[{"id":17246,"href":"https:\/\/prensapresidencialvenezuela.gob.ve\/index.php\/wp-json\/wp\/v2\/posts\/17243\/revisions\/17246"}],"wp:featuredmedia":[{"embeddable":true,"href":"https:\/\/prensapresidencialvenezuela.gob.ve\/index.php\/wp-json\/wp\/v2\/media\/17244"}],"wp:attachment":[{"href":"https:\/\/prensapresidencialvenezuela.gob.ve\/index.php\/wp-json\/wp\/v2\/media?parent=17243"}],"wp:term":[{"taxonomy":"category","embeddable":true,"href":"https:\/\/prensapresidencialvenezuela.gob.ve\/index.php\/wp-json\/wp\/v2\/categories?post=17243"},{"taxonomy":"post_tag","embeddable":true,"href":"https:\/\/prensapresidencialvenezuela.gob.ve\/index.php\/wp-json\/wp\/v2\/tags?post=17243"}],"curies":[{"name":"wp","href":"https:\/\/api.w.org\/{rel}","templated":true}]}}