{"id":17247,"date":"2025-02-10T21:12:34","date_gmt":"2025-02-11T01:12:34","guid":{"rendered":"https:\/\/prensapresidencialvenezuela.gob.ve\/?p=17247"},"modified":"2025-02-10T21:13:27","modified_gmt":"2025-02-11T01:13:27","slug":"los-gringos-lo-tenian-como-su-esperanza-blanca-pero-el-mismo-se-encargo-de-autodestruirse-manifesto-el-presidente-sobre-capriles","status":"publish","type":"post","link":"https:\/\/prensapresidencialvenezuela.gob.ve\/index.php\/2025\/02\/10\/los-gringos-lo-tenian-como-su-esperanza-blanca-pero-el-mismo-se-encargo-de-autodestruirse-manifesto-el-presidente-sobre-capriles\/","title":{"rendered":"\u00abLos gringos lo ten\u00edan como su esperanza blanca, pero el mismo se encarg\u00f3 de autodestruirse\u00bb, manifest\u00f3 el Presidente sobre Capriles"},"content":{"rendered":"\n<p><strong>Palacio de Miraflores, Caracas.- <\/strong>Durante el segmento \u00abZona Digital\u00bb, de Con Maduro +, el presidente de la Rep\u00fablica Bolivariana de Venezuela, Nicol\u00e1s Maduro Moros, asever\u00f3 con relaci\u00f3n a las recientes pronunciaciones de Capriles Radonski, sobre su posible participaci\u00f3n en las pr\u00f3ximas elecciones del 27 de abril, que \u00ab\u00e9l quiere ser Gobernador pero no ha recibido el visto bueno del Norte, sobre si se lanza o no\u00bb.<\/p>\n\n\n\n<p>El presidente Maduro indic\u00f3 que Capriles pudo ser en el pasado un gran l\u00edder de la oposici\u00f3n, y que a pesar de que \u00ablos gringos lo ten\u00edan como su esperanza blanca, el mismo se encarg\u00f3 de autodestruirse\u00bb.<\/p>\n\n\n\n<p>Asimismo, el jefe de Estado hizo referencia a Capriles como un caso digno de estudio, porque \u00e9l no toma decisiones por s\u00ed mismo, sino que recibe \u00f3rdenes directas del Norte sobre las acciones que puede ejecutar o no, respecto a Venezuela.<\/p>\n\n\n\n<p>En esta l\u00ednea, el Dignatario recalc\u00f3 que no es \u00e9tico que el presidente no pueda tomar decisiones en cuanto a las pol\u00edticas internas de su Naci\u00f3n, sin tener que llamar a una embajada o al Norte.<\/p>\n\n\n\n<p>Como una referencia a los declives que ha tenido Capriles, el Mandatario venezolano record\u00f3 que en el a\u00f1o 2012 \u00e9l obtuvo una victoria, con apenas diez d\u00edas de campa\u00f1a, y le gan\u00f3 a Radonski con 1.5 de diferencia, por lo que puntualiz\u00f3 que desde ese momento \u00abCapriles se vino a nada, porque no depende de el mismo, as\u00ed como los grupos de la ultra derecha\u00bb.<\/p>\n\n\n\n<p>Por otra parte, asegur\u00f3 que en Venezuela el que quiera participar en las elecciones del 27 de abril, tiene que tomar su decisi\u00f3n en esta tierra, siendo leales a la Constituci\u00f3n, a la democracia y al pueblo.<\/p>\n\n\n\n<p><strong>Prensa Presidencial\/Irmary D\u00edaz. <\/strong><strong><\/strong><\/p>\n","protected":false},"excerpt":{"rendered":"<p>Palacio de Miraflores, Caracas.- Durante el segmento \u00abZona Digital\u00bb, de Con Maduro +, el presidente de la Rep\u00fablica Bolivariana de Venezuela, Nicol\u00e1s Maduro Moros, asever\u00f3 con relaci\u00f3n a las recientes pronunciaciones de Capriles Radonski, sobre su posible participaci\u00f3n en las pr\u00f3ximas elecciones del 27 de abril, que \u00ab\u00e9l quiere ser Gobernador pero no ha recibido [&hellip;]<\/p>\n","protected":false},"author":1,"featured_media":17251,"comment_status":"open","ping_status":"open","sticky":false,"template":"","format":"standard","meta":{"footnotes":""},"categories":[18,7],"tags":[1336,663,1337],"class_list":["post-17247","post","type-post","status-publish","format-standard","has-post-thumbnail","hentry","category-noticias-principales","category-notas-de-prensa","tag-capriles","tag-presidente","tag-pronunciamiento"],"_links":{"self":[{"href":"https:\/\/prensapresidencialvenezuela.gob.ve\/index.php\/wp-json\/wp\/v2\/posts\/17247","targetHints":{"allow":["GET"]}}],"collection":[{"href":"https:\/\/prensapresidencialvenezuela.gob.ve\/index.php\/wp-json\/wp\/v2\/posts"}],"about":[{"href":"https:\/\/prensapresidencialvenezuela.gob.ve\/index.php\/wp-json\/wp\/v2\/types\/post"}],"author":[{"embeddable":true,"href":"https:\/\/prensapresidencialvenezuela.gob.ve\/index.php\/wp-json\/wp\/v2\/users\/1"}],"replies":[{"embeddable":true,"href":"https:\/\/prensapresidencialvenezuela.gob.ve\/index.php\/wp-json\/wp\/v2\/comments?post=17247"}],"version-history":[{"count":1,"href":"https:\/\/prensapresidencialvenezuela.gob.ve\/index.php\/wp-json\/wp\/v2\/posts\/17247\/revisions"}],"predecessor-version":[{"id":17250,"href":"https:\/\/prensapresidencialvenezuela.gob.ve\/index.php\/wp-json\/wp\/v2\/posts\/17247\/revisions\/17250"}],"wp:featuredmedia":[{"embeddable":true,"href":"https:\/\/prensapresidencialvenezuela.gob.ve\/index.php\/wp-json\/wp\/v2\/media\/17251"}],"wp:attachment":[{"href":"https:\/\/prensapresidencialvenezuela.gob.ve\/index.php\/wp-json\/wp\/v2\/media?parent=17247"}],"wp:term":[{"taxonomy":"category","embeddable":true,"href":"https:\/\/prensapresidencialvenezuela.gob.ve\/index.php\/wp-json\/wp\/v2\/categories?post=17247"},{"taxonomy":"post_tag","embeddable":true,"href":"https:\/\/prensapresidencialvenezuela.gob.ve\/index.php\/wp-json\/wp\/v2\/tags?post=17247"}],"curies":[{"name":"wp","href":"https:\/\/api.w.org\/{rel}","templated":true}]}}