{"id":1725,"date":"2022-04-21T20:47:00","date_gmt":"2022-04-21T20:47:00","guid":{"rendered":"http:\/\/172.27.0.121\/?p=1725"},"modified":"2022-06-29T20:49:07","modified_gmt":"2022-06-29T20:49:07","slug":"cdi-de-la-guaira-han-sido-rehabilitados-en-un-87","status":"publish","type":"post","link":"https:\/\/prensapresidencialvenezuela.gob.ve\/index.php\/2022\/04\/21\/cdi-de-la-guaira-han-sido-rehabilitados-en-un-87\/","title":{"rendered":"CDI de La Guaira han sido rehabilitados en un 87%"},"content":{"rendered":"\n<p><strong>Parque Ezequiel Zamora, Caracas.- <\/strong>En el estado La Guaira fueron rehabilitados los espacios del Centro de Diagn\u00f3stico Integral (CDI) \u201cJos\u00e9 Antonio P\u00e1ez\u201d, concretando el 87% de los centros de salud alcanzados por el Gobierno Bolivariano en la entidad.<\/p>\n\n\n\n<p>As\u00ed destac\u00f3 el gobernador de la entidad, Jos\u00e9 Alejandro Ter\u00e1n, durante un enlace televisado por el canal del estado VTV, a prop\u00f3sito del 19\u00b0 Aniversario de la Misi\u00f3n Barrio Adentro, liderado por el presidente de la Rep\u00fablica Bolivariana de Venezuela, Nicol\u00e1s Maduro Moros.<\/p>\n\n\n\n<p>Ter\u00e1n pormenoriz\u00f3 que este centro atiende a una poblaci\u00f3n de m\u00e1s de 23.000 personas.<\/p>\n\n\n\n<p>Asimismo, destac\u00f3 que recibi\u00f3 por parte del Gobierno nacional 26.000 insumos m\u00e9dicos que ser\u00e1n distribuidos en los CDI del estado La Guaira..<\/p>\n\n\n\n<p>Por su parte, el Jefe de Estado subray\u00f3 que estos logros han sido alcanzados por esfuerzo propio y resalt\u00f3 la importancia de continuar rehabilitando las \u00e1reas de salud \u201ca puertas abiertas\u201d y seguir empoderando al pueblo; quienes son garantes de dar resoluciones oportunas a sus necesidades.<\/p>\n\n\n\n<p>\u201cQue el pueblo sea el vigilante, el contralor, el due\u00f1o en ejercicio de cada ambulatorio, cada CDI, SRI (Salas de Rehabilitaci\u00f3n Integral),&nbsp; CAT (Centros de Alta Tecnolog\u00eda)\u201d, orient\u00f3.<\/p>\n\n\n\n<p><strong>Prensa Presidencial\/Eduardo Hueck<\/strong><\/p>\n","protected":false},"excerpt":{"rendered":"<p>Parque Ezequiel Zamora, Caracas.- En el estado La Guaira fueron rehabilitados los espacios del Centro de Diagn\u00f3stico Integral (CDI) \u201cJos\u00e9 Antonio P\u00e1ez\u201d, concretando el 87% de los centros de salud alcanzados por el Gobierno Bolivariano en la entidad. As\u00ed destac\u00f3 el gobernador de la entidad, Jos\u00e9 Alejandro Ter\u00e1n, durante un enlace televisado por el canal [&hellip;]<\/p>\n","protected":false},"author":6,"featured_media":1726,"comment_status":"open","ping_status":"open","sticky":false,"template":"","format":"standard","meta":{"footnotes":""},"categories":[7],"tags":[],"class_list":["post-1725","post","type-post","status-publish","format-standard","has-post-thumbnail","hentry","category-notas-de-prensa"],"_links":{"self":[{"href":"https:\/\/prensapresidencialvenezuela.gob.ve\/index.php\/wp-json\/wp\/v2\/posts\/1725","targetHints":{"allow":["GET"]}}],"collection":[{"href":"https:\/\/prensapresidencialvenezuela.gob.ve\/index.php\/wp-json\/wp\/v2\/posts"}],"about":[{"href":"https:\/\/prensapresidencialvenezuela.gob.ve\/index.php\/wp-json\/wp\/v2\/types\/post"}],"author":[{"embeddable":true,"href":"https:\/\/prensapresidencialvenezuela.gob.ve\/index.php\/wp-json\/wp\/v2\/users\/6"}],"replies":[{"embeddable":true,"href":"https:\/\/prensapresidencialvenezuela.gob.ve\/index.php\/wp-json\/wp\/v2\/comments?post=1725"}],"version-history":[{"count":1,"href":"https:\/\/prensapresidencialvenezuela.gob.ve\/index.php\/wp-json\/wp\/v2\/posts\/1725\/revisions"}],"predecessor-version":[{"id":1727,"href":"https:\/\/prensapresidencialvenezuela.gob.ve\/index.php\/wp-json\/wp\/v2\/posts\/1725\/revisions\/1727"}],"wp:featuredmedia":[{"embeddable":true,"href":"https:\/\/prensapresidencialvenezuela.gob.ve\/index.php\/wp-json\/wp\/v2\/media\/1726"}],"wp:attachment":[{"href":"https:\/\/prensapresidencialvenezuela.gob.ve\/index.php\/wp-json\/wp\/v2\/media?parent=1725"}],"wp:term":[{"taxonomy":"category","embeddable":true,"href":"https:\/\/prensapresidencialvenezuela.gob.ve\/index.php\/wp-json\/wp\/v2\/categories?post=1725"},{"taxonomy":"post_tag","embeddable":true,"href":"https:\/\/prensapresidencialvenezuela.gob.ve\/index.php\/wp-json\/wp\/v2\/tags?post=1725"}],"curies":[{"name":"wp","href":"https:\/\/api.w.org\/{rel}","templated":true}]}}