{"id":17252,"date":"2025-02-10T21:18:34","date_gmt":"2025-02-11T01:18:34","guid":{"rendered":"https:\/\/prensapresidencialvenezuela.gob.ve\/?p=17252"},"modified":"2025-02-10T21:18:35","modified_gmt":"2025-02-11T01:18:35","slug":"venezuela-relanza-su-compromiso-energetico-en-la-semana-de-la-energia-de-india","status":"publish","type":"post","link":"https:\/\/prensapresidencialvenezuela.gob.ve\/index.php\/2025\/02\/10\/venezuela-relanza-su-compromiso-energetico-en-la-semana-de-la-energia-de-india\/","title":{"rendered":"Venezuela relanza su compromiso energ\u00e9tico en la Semana de la Energ\u00eda de India"},"content":{"rendered":"\n<p><strong>Palacio de Miraflores, Caracas.-<\/strong>Durante la primera edici\u00f3n del a\u00f1o 2025 de su programa \u201cCon Maduro +\u201d, el presidente de la Rep\u00fablica Bolivariana de Venezuela, Nicol\u00e1s Maduro destac\u00f3 la importante participaci\u00f3n de Venezuela en la Semana de la Energ\u00eda de India.<\/p>\n\n\n\n<p>Este evento, que re\u00fane a delegaciones de m\u00e1s de 100 pa\u00edses, y tiene como objetivo abordar los desaf\u00edos m\u00e1s relevantes del sector energ\u00e9tico y promover soluciones sostenibles a nivel global.<\/p>\n\n\n\n<p><strong>Venezuela, un actor clave en el escenario energ\u00e9tico mundial<\/strong><\/p>\n\n\n\n<p>El presidente Maduro subray\u00f3 que la presencia de Venezuela en este evento internacional es una afirmaci\u00f3n de su compromiso con el desarrollo energ\u00e9tico sostenible.<\/p>\n\n\n\n<p>\u201cVenezuela dice presente y est\u00e1 lista para firmar diversos acuerdos y convenios que fortalecer\u00e1n nuestra posici\u00f3n en el \u00e1mbito energ\u00e9tico mundial\u201d, afirm\u00f3 el Mandatario.<\/p>\n\n\n\n<p>Este compromiso pone de relieve la intenci\u00f3n de Venezuela de participar activamente en el di\u00e1logo internacional sobre tecnolog\u00eda e innovaci\u00f3n en este sector.<\/p>\n\n\n\n<p><strong>Delegaci\u00f3n venezolana y fortalecimiento de lazos diplom\u00e1ticos<\/strong><\/p>\n\n\n\n<p>En el contexto de la Semana de la Energ\u00eda, la vicepresidenta ejecutiva Delcy Rodr\u00edguez fue recibida por autoridades indias y la embajadora venezolana en el pa\u00eds, Capaya Rodr\u00edguez.<\/p>\n\n\n\n<p>Este encuentro simb\u00f3lico refuerza los lazos diplom\u00e1ticos entre ambas naciones, estableciendo un marco para futuras colaboraciones.<\/p>\n\n\n\n<p>La Vicepresidenta tambi\u00e9n tiene programado un encuentro con representantes del Gobierno indio.<\/p>\n\n\n\n<p>En informaci\u00f3n compartida por la vicepresidencia de Venezuela, se pudo conocer que en esta reuni\u00f3n, se revisar\u00e1n temas de cooperaci\u00f3n bilateral con el prop\u00f3sito de estrechar a\u00fan m\u00e1s la relaci\u00f3n hist\u00f3rica entre Venezuela e India.<\/p>\n\n\n\n<p>Nueva Delhi y Caracas han construido v\u00ednculos s\u00f3lidos basados en la hermandad y la convergencia de posturas en temas internacionales, pol\u00edticos y econ\u00f3micos. Este enfoque ha facilitado el desarrollo de acuerdos estrat\u00e9gicos en diversos sectores, con un \u00e9nfasis particular en el \u00e1mbito energ\u00e9tico.<\/p>\n\n\n\n<p>La Semana de la Energ\u00eda no solo ser\u00e1 un espacio para el debate, sino tambi\u00e9n un centro para la presentaci\u00f3n de innovaciones tecnol\u00f3gicas y estrategias de descarbonizaci\u00f3n, alineadas con los objetivos energ\u00e9ticos globales.<\/p>\n\n\n\n<p>Esta participaci\u00f3n de Venezuela subraya su papel como un socio estrat\u00e9gico en el proceso de transici\u00f3n hacia un futuro energ\u00e9tico m\u00e1s sostenible.<\/p>\n\n\n\n<p><strong>Prensa Presidencial\/ Luis Tavera<\/strong><\/p>\n","protected":false},"excerpt":{"rendered":"<p>Palacio de Miraflores, Caracas.-Durante la primera edici\u00f3n del a\u00f1o 2025 de su programa \u201cCon Maduro +\u201d, el presidente de la Rep\u00fablica Bolivariana de Venezuela, Nicol\u00e1s Maduro destac\u00f3 la importante participaci\u00f3n de Venezuela en la Semana de la Energ\u00eda de India. Este evento, que re\u00fane a delegaciones de m\u00e1s de 100 pa\u00edses, y tiene como objetivo [&hellip;]<\/p>\n","protected":false},"author":1,"featured_media":17249,"comment_status":"open","ping_status":"open","sticky":false,"template":"","format":"standard","meta":{"footnotes":""},"categories":[18,7],"tags":[788,902,1338],"class_list":["post-17252","post","type-post","status-publish","format-standard","has-post-thumbnail","hentry","category-noticias-principales","category-notas-de-prensa","tag-compromiso","tag-energia","tag-semana"],"_links":{"self":[{"href":"https:\/\/prensapresidencialvenezuela.gob.ve\/index.php\/wp-json\/wp\/v2\/posts\/17252","targetHints":{"allow":["GET"]}}],"collection":[{"href":"https:\/\/prensapresidencialvenezuela.gob.ve\/index.php\/wp-json\/wp\/v2\/posts"}],"about":[{"href":"https:\/\/prensapresidencialvenezuela.gob.ve\/index.php\/wp-json\/wp\/v2\/types\/post"}],"author":[{"embeddable":true,"href":"https:\/\/prensapresidencialvenezuela.gob.ve\/index.php\/wp-json\/wp\/v2\/users\/1"}],"replies":[{"embeddable":true,"href":"https:\/\/prensapresidencialvenezuela.gob.ve\/index.php\/wp-json\/wp\/v2\/comments?post=17252"}],"version-history":[{"count":1,"href":"https:\/\/prensapresidencialvenezuela.gob.ve\/index.php\/wp-json\/wp\/v2\/posts\/17252\/revisions"}],"predecessor-version":[{"id":17253,"href":"https:\/\/prensapresidencialvenezuela.gob.ve\/index.php\/wp-json\/wp\/v2\/posts\/17252\/revisions\/17253"}],"wp:featuredmedia":[{"embeddable":true,"href":"https:\/\/prensapresidencialvenezuela.gob.ve\/index.php\/wp-json\/wp\/v2\/media\/17249"}],"wp:attachment":[{"href":"https:\/\/prensapresidencialvenezuela.gob.ve\/index.php\/wp-json\/wp\/v2\/media?parent=17252"}],"wp:term":[{"taxonomy":"category","embeddable":true,"href":"https:\/\/prensapresidencialvenezuela.gob.ve\/index.php\/wp-json\/wp\/v2\/categories?post=17252"},{"taxonomy":"post_tag","embeddable":true,"href":"https:\/\/prensapresidencialvenezuela.gob.ve\/index.php\/wp-json\/wp\/v2\/tags?post=17252"}],"curies":[{"name":"wp","href":"https:\/\/api.w.org\/{rel}","templated":true}]}}