{"id":17254,"date":"2025-02-10T21:23:35","date_gmt":"2025-02-11T01:23:35","guid":{"rendered":"https:\/\/prensapresidencialvenezuela.gob.ve\/?p=17254"},"modified":"2025-02-10T22:30:56","modified_gmt":"2025-02-11T02:30:56","slug":"venezuela-anuncia-la-expoferia-internacional-hecho-en-venezuela-enturkiye-para-2025","status":"publish","type":"post","link":"https:\/\/prensapresidencialvenezuela.gob.ve\/index.php\/2025\/02\/10\/venezuela-anuncia-la-expoferia-internacional-hecho-en-venezuela-enturkiye-para-2025\/","title":{"rendered":"Venezuela anuncia la Expoferia Internacional Hecho en Venezuela en T\u00fcrkiye para 2025"},"content":{"rendered":"\n<p><strong>Palacio de Miraflores, Caracas.-<\/strong> Durante la primera edici\u00f3n del a\u00f1o 2025, de su programa <em>Con Maduro +,<\/em> el presidente de la Rep\u00fablica Bolivariana de Venezuela, Nicol\u00e1s Maduro, anunci\u00f3 que el pa\u00eds participar\u00e1 en la Expoferia Internacional Hecho en Venezuela, que se llevar\u00e1 a cabo en T\u00fcrkiye.<\/p>\n\n\n\n<p>Este evento marcar\u00e1 un hito en las relaciones comerciales entre Venezuela y T\u00fcrkiye, que busca fomentar el intercambio y la inversi\u00f3n.<\/p>\n\n\n\n<p>\u00abSe est\u00e1 preparando para la presencia de centenares de empresarios venezolanos en Turqu\u00eda, con el objetivo de hacer negocios y firmar contratos, as\u00ed como elevar la capacidad y la voluntad exportadora de la econom\u00eda venezolana y atraer inversores turcos en tecnolog\u00eda\u00bb.<\/p>\n\n\n\n<p>En una clara apuesta por el fortalecimiento de las relaciones con T\u00fcrkiye, el presidente Maduro anunci\u00f3 que en 2025 se llevar\u00e1n a cabo dos ferias comerciales: una en Estambul y otra en Caracas.<\/p>\n\n\n\n<p>Esta iniciativa tiene como objetivo atraer inversiones turcas y tecnolog\u00eda a Venezuela, as\u00ed como promover las exportaciones venezolanas. Se anticipa una destacada participaci\u00f3n de empresarios venezolanos en la feria de Estambul, quienes buscar\u00e1n cerrar acuerdos comerciales significativos.<\/p>\n\n\n\n<p>\u00ab\u00a1Este es el nuevo mundo y Venezuela est\u00e1 all\u00ed, abriendo paso!\u00bb, enfatiz\u00f3 el jefe de Estado durante su anuncio.<\/p>\n\n\n\n<p><strong>Venezuela en la Feria Internacional EMITT 2025<\/strong><\/p>\n\n\n\n<p>Venezuela particip\u00f3 en la 28.\u00aa Edici\u00f3n de la Feria Internacional de Turismo y Viajes del Mediterr\u00e1neo Oriental (EMITT), que se celebr\u00f3 del 5 al 7 de febrero en el Centro T\u00fcyap de Estambul. Reconocida como una de las cinco ferias tur\u00edsticas m\u00e1s importantes a nivel mundial, EMITT reuni\u00f3 anualmente a m\u00e1s de 40 mil profesionales y turistas en busca de nuevas oportunidades.<\/p>\n\n\n\n<p><a><\/a><strong>Potencial Tur\u00edstico de Venezuela en Exhibici\u00f3n<\/strong><\/p>\n\n\n\n<p>La delegaci\u00f3n venezolana, liderada por la ministra del Poder Popular para el Turismo, Leticia G\u00f3mez, exhibi\u00f3 las riquezas naturales y el potencial tur\u00edstico del pa\u00eds. El <em>stand<\/em> venezolano incluy\u00f3 materiales audiovisuales, muestras artesanales y degustaciones gastron\u00f3micas, que resaltaron la diversidad cultural y natural de Venezuela. Durante la feria, la ministra G\u00f3mez tuvo programadas reuniones con operadores tur\u00edsticos internacionales y agencias de viajes, buscando establecer alianzas estrat\u00e9gicas que posicionaran a Venezuela como un destino tur\u00edstico de primer nivel.<\/p>\n\n\n\n<p><strong>Prensa Presidencial\/ Luis Tavera<\/strong><\/p>\n","protected":false},"excerpt":{"rendered":"<p>Palacio de Miraflores, Caracas.- Durante la primera edici\u00f3n del a\u00f1o 2025, de su programa Con Maduro +, el presidente de la Rep\u00fablica Bolivariana de Venezuela, Nicol\u00e1s Maduro, anunci\u00f3 que el pa\u00eds participar\u00e1 en la Expoferia Internacional Hecho en Venezuela, que se llevar\u00e1 a cabo en T\u00fcrkiye. Este evento marcar\u00e1 un hito en las relaciones comerciales [&hellip;]<\/p>\n","protected":false},"author":1,"featured_media":17255,"comment_status":"open","ping_status":"open","sticky":false,"template":"","format":"standard","meta":{"footnotes":""},"categories":[18,7],"tags":[1339,126],"class_list":["post-17254","post","type-post","status-publish","format-standard","has-post-thumbnail","hentry","category-noticias-principales","category-notas-de-prensa","tag-expoferia","tag-turkiye-2"],"_links":{"self":[{"href":"https:\/\/prensapresidencialvenezuela.gob.ve\/index.php\/wp-json\/wp\/v2\/posts\/17254","targetHints":{"allow":["GET"]}}],"collection":[{"href":"https:\/\/prensapresidencialvenezuela.gob.ve\/index.php\/wp-json\/wp\/v2\/posts"}],"about":[{"href":"https:\/\/prensapresidencialvenezuela.gob.ve\/index.php\/wp-json\/wp\/v2\/types\/post"}],"author":[{"embeddable":true,"href":"https:\/\/prensapresidencialvenezuela.gob.ve\/index.php\/wp-json\/wp\/v2\/users\/1"}],"replies":[{"embeddable":true,"href":"https:\/\/prensapresidencialvenezuela.gob.ve\/index.php\/wp-json\/wp\/v2\/comments?post=17254"}],"version-history":[{"count":2,"href":"https:\/\/prensapresidencialvenezuela.gob.ve\/index.php\/wp-json\/wp\/v2\/posts\/17254\/revisions"}],"predecessor-version":[{"id":17266,"href":"https:\/\/prensapresidencialvenezuela.gob.ve\/index.php\/wp-json\/wp\/v2\/posts\/17254\/revisions\/17266"}],"wp:featuredmedia":[{"embeddable":true,"href":"https:\/\/prensapresidencialvenezuela.gob.ve\/index.php\/wp-json\/wp\/v2\/media\/17255"}],"wp:attachment":[{"href":"https:\/\/prensapresidencialvenezuela.gob.ve\/index.php\/wp-json\/wp\/v2\/media?parent=17254"}],"wp:term":[{"taxonomy":"category","embeddable":true,"href":"https:\/\/prensapresidencialvenezuela.gob.ve\/index.php\/wp-json\/wp\/v2\/categories?post=17254"},{"taxonomy":"post_tag","embeddable":true,"href":"https:\/\/prensapresidencialvenezuela.gob.ve\/index.php\/wp-json\/wp\/v2\/tags?post=17254"}],"curies":[{"name":"wp","href":"https:\/\/api.w.org\/{rel}","templated":true}]}}