{"id":17339,"date":"2025-02-12T19:39:18","date_gmt":"2025-02-12T23:39:18","guid":{"rendered":"https:\/\/prensapresidencialvenezuela.gob.ve\/?p=17339"},"modified":"2025-02-12T23:26:47","modified_gmt":"2025-02-13T03:26:47","slug":"ordenan-activacion-de-los-programas-de-formacion-de-liderazgo-en-las-comunas-y-circuitos-comunales-del-pais","status":"publish","type":"post","link":"https:\/\/prensapresidencialvenezuela.gob.ve\/index.php\/2025\/02\/12\/ordenan-activacion-de-los-programas-de-formacion-de-liderazgo-en-las-comunas-y-circuitos-comunales-del-pais\/","title":{"rendered":"Ordenan activaci\u00f3n de los Programas de Formaci\u00f3n de Liderazgo en las Comunas y Circuitos Comunales del pa\u00eds"},"content":{"rendered":"\n<p><strong>Filas de Mariches, estado Miranda.- <\/strong>El presidente de la Rep\u00fablica Bolivariana de Venezuela, Nicol\u00e1s Maduro Moros, orden\u00f3 la activaci\u00f3n de los Programas de Formaci\u00f3n de Liderazgo en todas las comunas y circuitos comunales del pa\u00eds, para la capacitaci\u00f3n de la juventud venezolana.<\/p>\n\n\n\n<p>Se\u00f1al\u00f3 que esta preparaci\u00f3n debe estar guiada a trav\u00e9s de la organizaci\u00f3n y acci\u00f3n mediante la inclusi\u00f3n de la Generaci\u00f3n Precursora, Fundadora de la Revoluci\u00f3n Bolivariana, las cuales est\u00e1n llamada a compartir sus experiencias tanto a la juventud de Venezuela, como a los l\u00edderes legendarios de Am\u00e9rica Latina y el mundo.<\/p>\n\n\n\n<p><strong>Vanguardia tecnol\u00f3gica<\/strong><\/p>\n\n\n\n<p>El Dignatario venezolano resalt\u00f3 que el pueblo tiene que estar a la vanguardia de la batalla tecnol\u00f3gica en redes sociales e inteligencia artificial (IA), as\u00ed como en el estudio de su impacto en la sociedad.<\/p>\n\n\n\n<p>\u00abEl capitalismo hace mal uso de las redes sociales para envenenar la mente de millones de jovencitos, entre 16 y 24 a\u00f1os, generando retos virales, ludopat\u00eda e ideas de admiraci\u00f3n a nazis y fascistas, con el fin de aplicar estas doctrinas en Venezuela\u00bb, asever\u00f3 el Mandatario nacional.<\/p>\n\n\n\n<p>Como parte de esta contraofensiva tecnol\u00f3gica, pol\u00edtica y comunicacional, inst\u00f3 a la apertura de un laboratorio y c\u00e1tedra en el estudio y acci\u00f3n en las redes sociales, as\u00ed como en la IA.<\/p>\n\n\n\n<p>A su vez, el L\u00edder de la Naci\u00f3n subray\u00f3 que los estudiantes que estar\u00e1n en este proceso formativo se deben incorporar a la edificaci\u00f3n de la herramienta de la IA, que se est\u00e1 construyendo en Venezuela.<\/p>\n\n\n\n<p><strong>Prensa Presidencial\/Irmary D\u00edaz.<\/strong><\/p>\n","protected":false},"excerpt":{"rendered":"<p>Filas de Mariches, estado Miranda.- El presidente de la Rep\u00fablica Bolivariana de Venezuela, Nicol\u00e1s Maduro Moros, orden\u00f3 la activaci\u00f3n de los Programas de Formaci\u00f3n de Liderazgo en todas las comunas y circuitos comunales del pa\u00eds, para la capacitaci\u00f3n de la juventud venezolana. Se\u00f1al\u00f3 que esta preparaci\u00f3n debe estar guiada a trav\u00e9s de la organizaci\u00f3n y [&hellip;]<\/p>\n","protected":false},"author":1,"featured_media":17340,"comment_status":"open","ping_status":"open","sticky":false,"template":"","format":"standard","meta":{"footnotes":""},"categories":[18,7],"tags":[1307,80,1317,591],"class_list":["post-17339","post","type-post","status-publish","format-standard","has-post-thumbnail","hentry","category-noticias-principales","category-notas-de-prensa","tag-circuitos","tag-comunas","tag-liderazgo","tag-programas"],"_links":{"self":[{"href":"https:\/\/prensapresidencialvenezuela.gob.ve\/index.php\/wp-json\/wp\/v2\/posts\/17339","targetHints":{"allow":["GET"]}}],"collection":[{"href":"https:\/\/prensapresidencialvenezuela.gob.ve\/index.php\/wp-json\/wp\/v2\/posts"}],"about":[{"href":"https:\/\/prensapresidencialvenezuela.gob.ve\/index.php\/wp-json\/wp\/v2\/types\/post"}],"author":[{"embeddable":true,"href":"https:\/\/prensapresidencialvenezuela.gob.ve\/index.php\/wp-json\/wp\/v2\/users\/1"}],"replies":[{"embeddable":true,"href":"https:\/\/prensapresidencialvenezuela.gob.ve\/index.php\/wp-json\/wp\/v2\/comments?post=17339"}],"version-history":[{"count":2,"href":"https:\/\/prensapresidencialvenezuela.gob.ve\/index.php\/wp-json\/wp\/v2\/posts\/17339\/revisions"}],"predecessor-version":[{"id":17356,"href":"https:\/\/prensapresidencialvenezuela.gob.ve\/index.php\/wp-json\/wp\/v2\/posts\/17339\/revisions\/17356"}],"wp:featuredmedia":[{"embeddable":true,"href":"https:\/\/prensapresidencialvenezuela.gob.ve\/index.php\/wp-json\/wp\/v2\/media\/17340"}],"wp:attachment":[{"href":"https:\/\/prensapresidencialvenezuela.gob.ve\/index.php\/wp-json\/wp\/v2\/media?parent=17339"}],"wp:term":[{"taxonomy":"category","embeddable":true,"href":"https:\/\/prensapresidencialvenezuela.gob.ve\/index.php\/wp-json\/wp\/v2\/categories?post=17339"},{"taxonomy":"post_tag","embeddable":true,"href":"https:\/\/prensapresidencialvenezuela.gob.ve\/index.php\/wp-json\/wp\/v2\/tags?post=17339"}],"curies":[{"name":"wp","href":"https:\/\/api.w.org\/{rel}","templated":true}]}}