{"id":17345,"date":"2025-02-12T20:09:35","date_gmt":"2025-02-13T00:09:35","guid":{"rendered":"https:\/\/prensapresidencialvenezuela.gob.ve\/?p=17345"},"modified":"2025-02-12T23:16:56","modified_gmt":"2025-02-13T03:16:56","slug":"jefe-de-estado-denuncia-a-la-oposicion-por-fungir-como-un-negocio-lucrativo","status":"publish","type":"post","link":"https:\/\/prensapresidencialvenezuela.gob.ve\/index.php\/2025\/02\/12\/jefe-de-estado-denuncia-a-la-oposicion-por-fungir-como-un-negocio-lucrativo\/","title":{"rendered":"Jefe de Estado denuncia a la oposici\u00f3n por fungir como un negocio lucrativo"},"content":{"rendered":"\n<p><a><strong>Filas de Mariches, estado Miranda.-<\/strong><\/a>El presidente Nicol\u00e1s Maduro en la inauguraci\u00f3n de la Escuela Internacional de Liderazgo de la Juventud Antonio Jos\u00e9 de Sucre.Durante su discurso, el Mandatario enfatiz\u00f3 un punto cr\u00edtico sobre la naturaleza corrupta de la oposici\u00f3n en Venezuela, afirm\u00f3 que \u00abser oposici\u00f3n se convirti\u00f3 en un negocio lucrativo\u00bb.<\/p>\n\n\n\n<p><strong>Desv\u00edo de recursos y la corrupci\u00f3n internacional<\/strong><\/p>\n\n\n\n<p>El jefe de Estado centr\u00f3 su atenci\u00f3n en el desv\u00edo de m\u00e1s de 5 mil millones de d\u00f3lares destinados a la naci\u00f3n, recursos gestionados por organismos internacionales como la Agencia de Estados Unidos para el Desarrollo Internacional (USAID). El Presidente hizo \u00e9nfasis en el mal manejo de estos fondos, vinculando a personajes como el fugitivo de Juan Guaid\u00f3 con esta irregularidad.<\/p>\n\n\n\n<p>\u201c\u00bfSaben ustedes lo que se puede hacer con cinco mil millones? \u00bfCu\u00e1ntas escuelas y hospitales se pueden construir?\u201d, cuestion\u00f3, evidenciando la falta de beneficios para la poblaci\u00f3n.<\/p>\n\n\n\n<p>El Dignatario subray\u00f3 que estos fondos no han llegado a sectores prioritarios como madres, padres, m\u00e9dicos, enfermeras ni maestros. \u201cQue se respete el derecho a la paz y al futuro y se acaben las conspiraciones para desestabilizar al pa\u00eds\u201d, agreg\u00f3, denunciando la utilizaci\u00f3n de estos recursos para enriquecer a un selecto grupo de l\u00edderes opositores, quienes, en palabras del presidente Maduro, ahora disfrutan de lujos indescriptibles.<\/p>\n\n\n\n<p>El jefe de Estado reafirm\u00f3 su compromiso con la verdad y la paz, elementos esenciales que guiar\u00e1n la formaci\u00f3n de los j\u00f3venes en la nueva escuela. El Mandatario asegur\u00f3 que este espacio se convertir\u00e1 en un basti\u00f3n para cultivar l\u00edderes que busquen una transformaci\u00f3n social real en Venezuela y en el mundo.<\/p>\n\n\n\n<p><strong>Escuela Internacional de Liderazgo: Formaci\u00f3n para el futuro<\/strong><\/p>\n\n\n\n<p>El presidente Maduro explic\u00f3 que la inauguraci\u00f3n de la Escuela Internacional de Liderazgo de la Juventud Antonio Jos\u00e9 de Sucre representa un paso fundamental para empoderar a las futuras generaciones.<\/p>\n\n\n\n<p>Este centro educativo tiene como misi\u00f3n formar j\u00f3venes con una visi\u00f3n cr\u00edtica y comprometida, capaces de construir un mundo m\u00e1s justo y solidario. Durante su intervenci\u00f3n, el presidente Maduro destac\u00f3 que la escuela ser\u00e1 un punto de encuentro para la juventud en la vanguardia de la lucha por la justicia social.<\/p>\n\n\n\n<p><strong>Prensa Presidencial\/ Luis Tavera<\/strong><\/p>\n","protected":false},"excerpt":{"rendered":"<p>Filas de Mariches, estado Miranda.-El presidente Nicol\u00e1s Maduro en la inauguraci\u00f3n de la Escuela Internacional de Liderazgo de la Juventud Antonio Jos\u00e9 de Sucre.Durante su discurso, el Mandatario enfatiz\u00f3 un punto cr\u00edtico sobre la naturaleza corrupta de la oposici\u00f3n en Venezuela, afirm\u00f3 que \u00abser oposici\u00f3n se convirti\u00f3 en un negocio lucrativo\u00bb. Desv\u00edo de recursos y [&hellip;]<\/p>\n","protected":false},"author":1,"featured_media":17346,"comment_status":"open","ping_status":"open","sticky":false,"template":"","format":"standard","meta":{"footnotes":""},"categories":[18,7],"tags":[1358,614,663],"class_list":["post-17345","post","type-post","status-publish","format-standard","has-post-thumbnail","hentry","category-noticias-principales","category-notas-de-prensa","tag-lucrativo","tag-oposicion","tag-presidente"],"_links":{"self":[{"href":"https:\/\/prensapresidencialvenezuela.gob.ve\/index.php\/wp-json\/wp\/v2\/posts\/17345","targetHints":{"allow":["GET"]}}],"collection":[{"href":"https:\/\/prensapresidencialvenezuela.gob.ve\/index.php\/wp-json\/wp\/v2\/posts"}],"about":[{"href":"https:\/\/prensapresidencialvenezuela.gob.ve\/index.php\/wp-json\/wp\/v2\/types\/post"}],"author":[{"embeddable":true,"href":"https:\/\/prensapresidencialvenezuela.gob.ve\/index.php\/wp-json\/wp\/v2\/users\/1"}],"replies":[{"embeddable":true,"href":"https:\/\/prensapresidencialvenezuela.gob.ve\/index.php\/wp-json\/wp\/v2\/comments?post=17345"}],"version-history":[{"count":3,"href":"https:\/\/prensapresidencialvenezuela.gob.ve\/index.php\/wp-json\/wp\/v2\/posts\/17345\/revisions"}],"predecessor-version":[{"id":17362,"href":"https:\/\/prensapresidencialvenezuela.gob.ve\/index.php\/wp-json\/wp\/v2\/posts\/17345\/revisions\/17362"}],"wp:featuredmedia":[{"embeddable":true,"href":"https:\/\/prensapresidencialvenezuela.gob.ve\/index.php\/wp-json\/wp\/v2\/media\/17346"}],"wp:attachment":[{"href":"https:\/\/prensapresidencialvenezuela.gob.ve\/index.php\/wp-json\/wp\/v2\/media?parent=17345"}],"wp:term":[{"taxonomy":"category","embeddable":true,"href":"https:\/\/prensapresidencialvenezuela.gob.ve\/index.php\/wp-json\/wp\/v2\/categories?post=17345"},{"taxonomy":"post_tag","embeddable":true,"href":"https:\/\/prensapresidencialvenezuela.gob.ve\/index.php\/wp-json\/wp\/v2\/tags?post=17345"}],"curies":[{"name":"wp","href":"https:\/\/api.w.org\/{rel}","templated":true}]}}