{"id":17366,"date":"2025-02-15T18:40:49","date_gmt":"2025-02-15T22:40:49","guid":{"rendered":"https:\/\/prensapresidencialvenezuela.gob.ve\/?p=17366"},"modified":"2025-02-15T18:40:50","modified_gmt":"2025-02-15T22:40:50","slug":"cronistas-venezolanos-reciben-el-premio-nacional-de-historia-por-su-aporte-y-el-rescate-de-la-identidad-venezolana","status":"publish","type":"post","link":"https:\/\/prensapresidencialvenezuela.gob.ve\/index.php\/2025\/02\/15\/cronistas-venezolanos-reciben-el-premio-nacional-de-historia-por-su-aporte-y-el-rescate-de-la-identidad-venezolana\/","title":{"rendered":"Cronistas venezolanos reciben el Premio Nacional de Historia por su aporte y el rescate de la identidad venezolana"},"content":{"rendered":"\n<p><strong>Asamblea Nacional, Caracas.-<\/strong> Este s\u00e1bado, el presidente de la Rep\u00fablica Bolivariana de Venezuela, Nicol\u00e1s Maduro Moros, entreg\u00f3 el Premio Nacional de Historia a grandes investigadores e historiadores de la Naci\u00f3n, como reconocimiento a su trayectoria y labor por la Patria venezolana.<\/p>\n\n\n\n<p>Durante la Sesi\u00f3n Solemne por los 206 a\u00f1os de la instalaci\u00f3n del Congreso de Angostura, el jefe de Estado, otorg\u00f3 este reconocimiento a los siguientes cronistas venezolanos:<\/p>\n\n\n\n<p>&#8211; Judith Valencia<\/p>\n\n\n\n<p>&nbsp;-Jes\u00fas Guevara F\u00e9bres, en su nombre lo recibi\u00f3 su hijo Javier Guevara.<\/p>\n\n\n\n<p>&#8211; Gregoria Mar\u00eda Urbano<\/p>\n\n\n\n<p>&#8211; Antonio Gonz\u00e1lez Ant\u00eda<\/p>\n\n\n\n<p>&#8211; Federico Villalba<\/p>\n\n\n\n<p>-Nohem\u00ed Fr\u00edas Dur\u00e1n<\/p>\n\n\n\n<p>&#8211; Liga Berbesi, qui\u00e9n se encuentra en estos momentos fuera del pa\u00eds, recibe en su nombre Omar Hurtado, Presidente Nacional de Estudios Hist\u00f3ricos.<\/p>\n\n\n\n<p>En recuento de la baluarte lucha del Libertador por la Independencia de Venezuela, aquel 15 de febrero de hace dos siglos se instal\u00f3 el Congreso de Angostura en la ciudad de Santo Tom\u00e9 de Angostura, hoy Ciudad Bol\u00edvar. Este fue el segundo congreso constituyente de Venezuela, del cual surgi\u00f3 una nueva Carta Magna luego de la de 1811.<\/p>\n\n\n\n<p>En tan relevante evento de hace 206 a\u00f1os, el Libertador Sim\u00f3n Bol\u00edvar pronunci\u00f3 su famoso Discurso de Angostura, y confiaba en que al poner en marcha el Poder Legislativo, se lograr\u00eda el respeto internacional para la Naci\u00f3n, as\u00ed como brindar una sensaci\u00f3n de seguridad a quienes segu\u00edan la causa republicana.<\/p>\n\n\n\n<figure class=\"wp-block-image size-large\"><img fetchpriority=\"high\" decoding=\"async\" width=\"1002\" height=\"1024\" src=\"https:\/\/prensapresidencialvenezuela.gob.ve\/wp-content\/uploads\/2025\/02\/111b516f-ecc6-4078-b56c-e7177bb2333f-1002x1024.jpg\" alt=\"\" class=\"wp-image-17368\" srcset=\"https:\/\/prensapresidencialvenezuela.gob.ve\/wp-content\/uploads\/2025\/02\/111b516f-ecc6-4078-b56c-e7177bb2333f-1002x1024.jpg 1002w, https:\/\/prensapresidencialvenezuela.gob.ve\/wp-content\/uploads\/2025\/02\/111b516f-ecc6-4078-b56c-e7177bb2333f-294x300.jpg 294w, https:\/\/prensapresidencialvenezuela.gob.ve\/wp-content\/uploads\/2025\/02\/111b516f-ecc6-4078-b56c-e7177bb2333f-768x785.jpg 768w, https:\/\/prensapresidencialvenezuela.gob.ve\/wp-content\/uploads\/2025\/02\/111b516f-ecc6-4078-b56c-e7177bb2333f-1503x1536.jpg 1503w, https:\/\/prensapresidencialvenezuela.gob.ve\/wp-content\/uploads\/2025\/02\/111b516f-ecc6-4078-b56c-e7177bb2333f.jpg 1957w\" sizes=\"(max-width: 1002px) 100vw, 1002px\" \/><\/figure>\n\n\n\n<p><strong>Democracia e historia venezolana<\/strong><\/p>\n\n\n\n<p>En esta l\u00ednea hist\u00f3rica, es de inter\u00e9s recordar que&nbsp; el 15 de febrero de 1999, entre los&nbsp; discursos y alocuciones del&nbsp; Comandante Ch\u00e1vez,&nbsp; en el estado Bol\u00edvar, reiter\u00f3 en base a la importancia de la independencia y democracia de Venezuela, que el pueblo debe mantenerse organizado, \u00abporque&nbsp; el pueblo es el \u00fanico combustible que pone a rodar la m\u00e1quina de la historia (&#8230;) el pueblo organizado luchando consciente y unido, eso es lo \u00fanico que podr\u00e1 impulsar el proceso de Revoluci\u00f3n\u00bb.<\/p>\n\n\n\n<p>En los actuales momentos la Revoluci\u00f3n Bolivariana se mantiene s\u00f3lida y con fervor patrio, En este sentido, el presidente Maduro subray\u00f3 el valor hist\u00f3rico del Sal\u00f3n El\u00edptico de la Asamblea Nacional (AN), como uno de los que se mantienen con mayor brillo en los \u00faltimos 3 siglos, por las obras que reflejan momentos importantes de Venezuela.<\/p>\n\n\n\n<p>El Dignatario recalc\u00f3 que la Patria triunf\u00f3 sobre los retos del fascismo, por el poder y las victorias que se han gestado mediante&nbsp; la Carta Magna en el pa\u00eds, porque \u00abel siglo XXI le pertenece a la Revoluci\u00f3n\u00bb.<\/p>\n\n\n\n<p>Adem\u00e1s refiri\u00f3 que el estudio de la historia de Venezuela ha fortalecido el pensamiento, no s\u00f3lo en el pa\u00eds, sino en Am\u00e9rica Latina y el Caribe, motivo por el que inst\u00f3 a llevar estos avances cronol\u00f3gicos a las escuelas, liceos y universidades.<\/p>\n\n\n\n<p><strong>Prensa Presidencial\/ Irmary D\u00edaz.<\/strong><\/p>\n","protected":false},"excerpt":{"rendered":"<p>Asamblea Nacional, Caracas.- Este s\u00e1bado, el presidente de la Rep\u00fablica Bolivariana de Venezuela, Nicol\u00e1s Maduro Moros, entreg\u00f3 el Premio Nacional de Historia a grandes investigadores e historiadores de la Naci\u00f3n, como reconocimiento a su trayectoria y labor por la Patria venezolana. Durante la Sesi\u00f3n Solemne por los 206 a\u00f1os de la instalaci\u00f3n del Congreso de [&hellip;]<\/p>\n","protected":false},"author":1,"featured_media":17367,"comment_status":"open","ping_status":"open","sticky":false,"template":"","format":"standard","meta":{"footnotes":""},"categories":[18,7],"tags":[463],"class_list":["post-17366","post","type-post","status-publish","format-standard","has-post-thumbnail","hentry","category-noticias-principales","category-notas-de-prensa","tag-historia"],"_links":{"self":[{"href":"https:\/\/prensapresidencialvenezuela.gob.ve\/index.php\/wp-json\/wp\/v2\/posts\/17366","targetHints":{"allow":["GET"]}}],"collection":[{"href":"https:\/\/prensapresidencialvenezuela.gob.ve\/index.php\/wp-json\/wp\/v2\/posts"}],"about":[{"href":"https:\/\/prensapresidencialvenezuela.gob.ve\/index.php\/wp-json\/wp\/v2\/types\/post"}],"author":[{"embeddable":true,"href":"https:\/\/prensapresidencialvenezuela.gob.ve\/index.php\/wp-json\/wp\/v2\/users\/1"}],"replies":[{"embeddable":true,"href":"https:\/\/prensapresidencialvenezuela.gob.ve\/index.php\/wp-json\/wp\/v2\/comments?post=17366"}],"version-history":[{"count":1,"href":"https:\/\/prensapresidencialvenezuela.gob.ve\/index.php\/wp-json\/wp\/v2\/posts\/17366\/revisions"}],"predecessor-version":[{"id":17369,"href":"https:\/\/prensapresidencialvenezuela.gob.ve\/index.php\/wp-json\/wp\/v2\/posts\/17366\/revisions\/17369"}],"wp:featuredmedia":[{"embeddable":true,"href":"https:\/\/prensapresidencialvenezuela.gob.ve\/index.php\/wp-json\/wp\/v2\/media\/17367"}],"wp:attachment":[{"href":"https:\/\/prensapresidencialvenezuela.gob.ve\/index.php\/wp-json\/wp\/v2\/media?parent=17366"}],"wp:term":[{"taxonomy":"category","embeddable":true,"href":"https:\/\/prensapresidencialvenezuela.gob.ve\/index.php\/wp-json\/wp\/v2\/categories?post=17366"},{"taxonomy":"post_tag","embeddable":true,"href":"https:\/\/prensapresidencialvenezuela.gob.ve\/index.php\/wp-json\/wp\/v2\/tags?post=17366"}],"curies":[{"name":"wp","href":"https:\/\/api.w.org\/{rel}","templated":true}]}}