{"id":17370,"date":"2025-02-15T19:59:01","date_gmt":"2025-02-15T23:59:01","guid":{"rendered":"https:\/\/prensapresidencialvenezuela.gob.ve\/?p=17370"},"modified":"2025-02-15T20:26:58","modified_gmt":"2025-02-16T00:26:58","slug":"unicamente-la-conciencia-en-la-historia-permite-a-los-pueblos-trascender-construirse-y-avanzar","status":"publish","type":"post","link":"https:\/\/prensapresidencialvenezuela.gob.ve\/index.php\/2025\/02\/15\/unicamente-la-conciencia-en-la-historia-permite-a-los-pueblos-trascender-construirse-y-avanzar\/","title":{"rendered":"\u00danicamente la conciencia en la historia permite a los pueblos trascender, construir y avanzar"},"content":{"rendered":"\n<p><strong>Palacio Federal Legislativo, Caracas.-<\/strong> El presidente de la Rep\u00fablica Bolivariana de Venezuela, Nicol\u00e1s Maduro, enfatiz\u00f3 que sin la historia es imposible que los pueblos puedan plantearse trascender, construirse y avanzar.<\/p>\n\n\n\n<p>En su argument\u00f3 explic\u00f3 que la historia es continuidad, origen e identidad, y en ese orden subray\u00f3: \u00abSin la historia es imposible plantearse alg\u00fan pueblo trascender, construirse, avanzar y menos en el siglo XXI cuando enfrentamos la falsa promesa de la desideologizaci\u00f3n y la despolitizaci\u00f3n\u00bb.<\/p>\n\n\n\n<p><strong>Discurso de Angostura<\/strong><\/p>\n\n\n\n<p>Desde el sal\u00f3n El\u00edptico del Palacio Federal Legislativo, a prop\u00f3sito de la Sesi\u00f3n Solemne por los 206 a\u00f1os de la Instalaci\u00f3n del Congreso de Angostura, el Mandatario aludi\u00f3 que el Discurso de Angostura fue escrito a sangre y fuego, durante a\u00f1os de guerra, con victorias, avances, grandes derrotas y retrocesos.<\/p>\n\n\n\n<p>En ese transitar, se registr\u00f3 un proceso de independencia suramericana que jam\u00e1s fue un proceso lineal, sino \u2014refiri\u00f3\u2014 de acumulaci\u00f3n hist\u00f3rica larga, pero tambi\u00e9n de resoluci\u00f3n compleja en el inicio del siglo XIX.<\/p>\n\n\n\n<p>\u00ab(\u2026) porque somos la fuerza viva de nuestras ra\u00edces, porque la historia lleg\u00f3 para hacerse letra, carne\u00bb, recalc\u00f3 el Dignatario con fuerza en este hist\u00f3rico acto solemne, en el que tambi\u00e9n entreg\u00f3 el Proyecto de Reforma Constitucional.<\/p>\n\n\n\n<p><strong>Legado de Hugo Ch\u00e1vez<\/strong><\/p>\n\n\n\n<p>Adem\u00e1s, en un discurso cargado de an\u00e9cdotas, el presidente Maduro record\u00f3 que el comandante Hugo Ch\u00e1vez \u00abnos ense\u00f1\u00f3 y dej\u00f3 como parte fundamental, parte caracter\u00edstica de su liderazgo, la historia como fuerza viva, inspiradora e impulsora de los grandes cambios pendientes y por hacer, en la realidad venezolana\u00bb.<\/p>\n\n\n\n<p>Si alguien preguntara cu\u00e1l es el secreto de la Revoluci\u00f3n Bolivariana, reflexion\u00f3 el jefe de Estado, y enseguida sostuvo que el proceso bolivariano ha podido vivir, enfrentar y salir victorioso de tantas circunstancias y batallas que parecieran imposibles de superar.<\/p>\n\n\n\n<p>Indic\u00f3 que ello ha sido gracias a que \u00absomos la fuerza viva de los Libertadores, la fuerza viva fundacional, la fuerza originaria de nuestras ra\u00edces, porque la historia lleg\u00f3 para hacerse letra, carne, realidad\u00bb, dijo en medio de sentidas palabras de felicitaciones a los galardonados, este s\u00e1bado, con el Premio Nacional de Historia.<\/p>\n\n\n\n<p>En el acto solemne, el Mandatario venezolano fue recibido por una comisi\u00f3n conformada por los diputados Jes\u00fas Far\u00edas, Tania D\u00edaz, Nicia Maldonado, Ricardo Molina, Bernab\u00e9 Guti\u00e9rrez, Timoteo Zambrano, quienes lo acompa\u00f1aron a hacer su entrada al sal\u00f3n El\u00edptico del Palacio Federal Legislativo.<\/p>\n\n\n\n<p><strong>Prensa Presidencial \/ Ana\u00eds P\u00e9rez<\/strong><\/p>\n","protected":false},"excerpt":{"rendered":"<p>Palacio Federal Legislativo, Caracas.- El presidente de la Rep\u00fablica Bolivariana de Venezuela, Nicol\u00e1s Maduro, enfatiz\u00f3 que sin la historia es imposible que los pueblos puedan plantearse trascender, construirse y avanzar. En su argument\u00f3 explic\u00f3 que la historia es continuidad, origen e identidad, y en ese orden subray\u00f3: \u00abSin la historia es imposible plantearse alg\u00fan pueblo [&hellip;]<\/p>\n","protected":false},"author":1,"featured_media":17371,"comment_status":"open","ping_status":"open","sticky":false,"template":"","format":"standard","meta":{"footnotes":""},"categories":[18,7],"tags":[463,1360,963],"class_list":["post-17370","post","type-post","status-publish","format-standard","has-post-thumbnail","hentry","category-noticias-principales","category-notas-de-prensa","tag-historia","tag-importancia","tag-pueblos"],"_links":{"self":[{"href":"https:\/\/prensapresidencialvenezuela.gob.ve\/index.php\/wp-json\/wp\/v2\/posts\/17370","targetHints":{"allow":["GET"]}}],"collection":[{"href":"https:\/\/prensapresidencialvenezuela.gob.ve\/index.php\/wp-json\/wp\/v2\/posts"}],"about":[{"href":"https:\/\/prensapresidencialvenezuela.gob.ve\/index.php\/wp-json\/wp\/v2\/types\/post"}],"author":[{"embeddable":true,"href":"https:\/\/prensapresidencialvenezuela.gob.ve\/index.php\/wp-json\/wp\/v2\/users\/1"}],"replies":[{"embeddable":true,"href":"https:\/\/prensapresidencialvenezuela.gob.ve\/index.php\/wp-json\/wp\/v2\/comments?post=17370"}],"version-history":[{"count":7,"href":"https:\/\/prensapresidencialvenezuela.gob.ve\/index.php\/wp-json\/wp\/v2\/posts\/17370\/revisions"}],"predecessor-version":[{"id":17381,"href":"https:\/\/prensapresidencialvenezuela.gob.ve\/index.php\/wp-json\/wp\/v2\/posts\/17370\/revisions\/17381"}],"wp:featuredmedia":[{"embeddable":true,"href":"https:\/\/prensapresidencialvenezuela.gob.ve\/index.php\/wp-json\/wp\/v2\/media\/17371"}],"wp:attachment":[{"href":"https:\/\/prensapresidencialvenezuela.gob.ve\/index.php\/wp-json\/wp\/v2\/media?parent=17370"}],"wp:term":[{"taxonomy":"category","embeddable":true,"href":"https:\/\/prensapresidencialvenezuela.gob.ve\/index.php\/wp-json\/wp\/v2\/categories?post=17370"},{"taxonomy":"post_tag","embeddable":true,"href":"https:\/\/prensapresidencialvenezuela.gob.ve\/index.php\/wp-json\/wp\/v2\/tags?post=17370"}],"curies":[{"name":"wp","href":"https:\/\/api.w.org\/{rel}","templated":true}]}}