{"id":17401,"date":"2025-02-17T05:27:42","date_gmt":"2025-02-17T09:27:42","guid":{"rendered":"https:\/\/prensapresidencialvenezuela.gob.ve\/?p=17401"},"modified":"2025-02-17T05:27:42","modified_gmt":"2025-02-17T09:27:42","slug":"presidente-maduro-rindio-homenaje-postumo-a-jacobo-torres-canciller-de-la-clase-obrera-por-su-partida-a-la-eternidad","status":"publish","type":"post","link":"https:\/\/prensapresidencialvenezuela.gob.ve\/index.php\/2025\/02\/17\/presidente-maduro-rindio-homenaje-postumo-a-jacobo-torres-canciller-de-la-clase-obrera-por-su-partida-a-la-eternidad\/","title":{"rendered":"Presidente Maduro rindi\u00f3 homenaje p\u00f3stumo a Jacobo Torres: \u00abcanciller de la clase obrera\u00bb, por su partida a la eternidad"},"content":{"rendered":"\n<p><strong>Caracas.- <\/strong>Durante el \u00faltimo adi\u00f3s al \u00abcanciller de la clase obrera\u00bb, Jacobo Torres de Le\u00f3n, el presidente de la Rep\u00fablica Bolivariana de Venezuela, Nicol\u00e1s Maduro Moros, le confiri\u00f3 la Orden Libertadores y Libertadoras de Venezuela, en su primera clase, a este gran luchador de la Revoluci\u00f3n.<\/p>\n\n\n\n<p>En este acto, el jefe de Estado tambi\u00e9n le otorg\u00f3 el ascenso post-mortem a Capit\u00e1n de la Milicia Nacional Bolivariana (MNB), esto como reconocimiento a su entrega ante el resguardo de la Revoluci\u00f3n y a su lucha por la defensa de la verdad en Venezuela.<\/p>\n\n\n\n<p>Entre sentimientos encontrados, el Presidente record\u00f3 a Jacobo como un hombre sensible, humano y luchador de causas justas, resaltando que en esos tiempos de c\u00e1tedra, ambos se formaron en el Marxismo, siempre venerando y amando a la Patria, as\u00ed como dos grandes maestros como Am\u00e9rico Silva y Jorge Rodr\u00edguez, \u00abgigantes que dejaron un gran legado en nosotros, en Venezuela y el mundo\u00bb.<\/p>\n\n\n\n<p>Por otra parte, el Mandatario Nacional subray\u00f3 que tanto \u00e9l, como su amigo Jacobo, supieron transitar las luchas con una fe absoluta en el destino de Venezuela, motivo por el cual, expres\u00f3: \u00abCuando nos llegan noticias como esta partida repentina, este cambio de paisaje abrupto, reflexion\u00f3 a\u00fan m\u00e1s sobre el camino andado y en el perseverar por lo que hemos construido con tanto sacrificio\u00bb, esto como una referencia a las luchas por la Revoluci\u00f3n Bolivariana.<\/p>\n\n\n\n<p>Entre an\u00e9cdotas, tambi\u00e9n rememor\u00f3 un encuentro ilustre, como lo fue en el a\u00f1o 1986, en La Habana, Cuba, cuando fue a cursar estudios, y al aterrizar, a la primera persona que encontr\u00f3 fue a Jacobo Torres, de manera sorpresiva, con lentes oscuros y un sombrero.<\/p>\n\n\n\n<p>Entre tantas definiciones del sentir de Jacobo Torres, el presidente Nicol\u00e1s Maduro tambi\u00e9n preponder\u00f3 que el luchador de la Revoluci\u00f3n se dedicaba en alma y cuerpo entero a levantarles la fuerza y el \u00e1nimo a aquellos j\u00f3venes de la guerra que se estaban formando en ese entonces, con sus conocimientos en historia, el marxismo, entre otras tantas cosas.<\/p>\n\n\n\n<p>Con estas \u00faltimas palabras el L\u00edder de la Naci\u00f3n despidi\u00f3 a su hermano de la vida, un compa\u00f1ero de luchas: \u00ab Fue un hombre esencial y sensiblemente humano, como dijera el Che Guevara, practicante del amor, por la vida, la humanidad\u00bb.<\/p>\n\n\n\n<p><strong>Prensa Presidencial\/Irmary D\u00edaz<\/strong><\/p>\n","protected":false},"excerpt":{"rendered":"<p>Caracas.- Durante el \u00faltimo adi\u00f3s al \u00abcanciller de la clase obrera\u00bb, Jacobo Torres de Le\u00f3n, el presidente de la Rep\u00fablica Bolivariana de Venezuela, Nicol\u00e1s Maduro Moros, le confiri\u00f3 la Orden Libertadores y Libertadoras de Venezuela, en su primera clase, a este gran luchador de la Revoluci\u00f3n. En este acto, el jefe de Estado tambi\u00e9n le [&hellip;]<\/p>\n","protected":false},"author":1,"featured_media":17402,"comment_status":"open","ping_status":"open","sticky":false,"template":"","format":"standard","meta":{"footnotes":""},"categories":[18,7],"tags":[30,19,27],"class_list":["post-17401","post","type-post","status-publish","format-standard","has-post-thumbnail","hentry","category-noticias-principales","category-notas-de-prensa","tag-destacado","tag-nicolas-maduro","tag-revolucion-bolivariana"],"_links":{"self":[{"href":"https:\/\/prensapresidencialvenezuela.gob.ve\/index.php\/wp-json\/wp\/v2\/posts\/17401","targetHints":{"allow":["GET"]}}],"collection":[{"href":"https:\/\/prensapresidencialvenezuela.gob.ve\/index.php\/wp-json\/wp\/v2\/posts"}],"about":[{"href":"https:\/\/prensapresidencialvenezuela.gob.ve\/index.php\/wp-json\/wp\/v2\/types\/post"}],"author":[{"embeddable":true,"href":"https:\/\/prensapresidencialvenezuela.gob.ve\/index.php\/wp-json\/wp\/v2\/users\/1"}],"replies":[{"embeddable":true,"href":"https:\/\/prensapresidencialvenezuela.gob.ve\/index.php\/wp-json\/wp\/v2\/comments?post=17401"}],"version-history":[{"count":1,"href":"https:\/\/prensapresidencialvenezuela.gob.ve\/index.php\/wp-json\/wp\/v2\/posts\/17401\/revisions"}],"predecessor-version":[{"id":17403,"href":"https:\/\/prensapresidencialvenezuela.gob.ve\/index.php\/wp-json\/wp\/v2\/posts\/17401\/revisions\/17403"}],"wp:featuredmedia":[{"embeddable":true,"href":"https:\/\/prensapresidencialvenezuela.gob.ve\/index.php\/wp-json\/wp\/v2\/media\/17402"}],"wp:attachment":[{"href":"https:\/\/prensapresidencialvenezuela.gob.ve\/index.php\/wp-json\/wp\/v2\/media?parent=17401"}],"wp:term":[{"taxonomy":"category","embeddable":true,"href":"https:\/\/prensapresidencialvenezuela.gob.ve\/index.php\/wp-json\/wp\/v2\/categories?post=17401"},{"taxonomy":"post_tag","embeddable":true,"href":"https:\/\/prensapresidencialvenezuela.gob.ve\/index.php\/wp-json\/wp\/v2\/tags?post=17401"}],"curies":[{"name":"wp","href":"https:\/\/api.w.org\/{rel}","templated":true}]}}