{"id":17404,"date":"2025-02-17T08:08:22","date_gmt":"2025-02-17T12:08:22","guid":{"rendered":"https:\/\/prensapresidencialvenezuela.gob.ve\/?p=17404"},"modified":"2025-02-17T16:51:42","modified_gmt":"2025-02-17T20:51:42","slug":"jacobo-torres-un-hombre-que-genero-impacto-en-las-ensenanzas-y-conocimientos-de-las-nuevas-generaciones","status":"publish","type":"post","link":"https:\/\/prensapresidencialvenezuela.gob.ve\/index.php\/2025\/02\/17\/jacobo-torres-un-hombre-que-genero-impacto-en-las-ensenanzas-y-conocimientos-de-las-nuevas-generaciones\/","title":{"rendered":"Jacobo Torres: Un hombre que gener\u00f3 un gran significado en las ense\u00f1anzas y conocimientos de las nuevas generaciones"},"content":{"rendered":"\n<p><strong>Caracas.- <\/strong>El presidente de la Rep\u00fablica Bolivariana de Venezuela, Nicol\u00e1s Maduro Moros, destac\u00f3 el legado del \u00abcanciller de la clase obrera\u00bb, Jacobo Torres de Le\u00f3n, como un significado importante en las ense\u00f1anzas y el conocimiento de las nuevas generaciones, ya que fue un hombre de vanguardia, de ideas y con mucha perseverante en el porvenir de lo que hoy en d\u00eda es la Revoluci\u00f3n Bolivariana.<\/p>\n\n\n\n<p>Jacobo Torres, forj\u00f3 una visi\u00f3n en el reescribir de la historia de Venezuela para formar una Patria m\u00e1s gloriosa y revolucionaria, porque el luchador incansable de clases, tuvo una formaci\u00f3n pol\u00edtica basada en el marxismo y leninismo, lo que le permiti\u00f3 comprender los verdaderos fen\u00f3menos sociopol\u00edticos y culturales del porvenir.<\/p>\n\n\n\n<p>Fue un hombre que todo lo que hizo incidi\u00f3 en el ahora y rindi\u00f3 sus frutos, porque tiempo despu\u00e9s surgieron diferentes corriente ideol\u00f3gicas con el compromiso de Jacobo, quien&nbsp; hizo de la idea constituyente en el a\u00f1o 1998, una idea movilizadora para el presente.<\/p>\n\n\n\n<p>Es por ello que, el jefe de Estado, rememor\u00f3 que siempre debat\u00edan con Jacobo sobre las corrientes ideol\u00f3gicas, y le dec\u00edan que estuviera tranquilo, que entre todos iban a componerlo todo.<\/p>\n\n\n\n<p><strong>Partida a la eternidad de Al\u00ed Primera<\/strong><\/p>\n\n\n\n<p>Un d\u00eda como hoy, hace 40 a\u00f1os, s\u00e1bado de Carnaval, en un accidente absurdo, falleci\u00f3 Al\u00ed Primera, nos dej\u00f3 su canto, la fuerza espiritual, y la palabra que sembr\u00f3, e insustituible hasta hoy. \u00a1Siempre irreverente!, esto expres\u00f3 el Presidente sobre aquel d\u00eda en que el cantautor venezolano y tambi\u00e9n activista pol\u00edtico revolucionario dio un paso a la inmortalidad.<\/p>\n\n\n\n<p>Adem\u00e1s, record\u00f3 que en el a\u00f1o 1983 en la Liga Socialista a Al\u00ed Primera, se postul\u00f3 como candidato, y encabez\u00f3 en ese momento la lista en Falc\u00f3n y Lara, pero \u00abrobaron votos y no permitieron que llegara a diputado\u00bb.<\/p>\n\n\n\n<p>En esa l\u00ednea, asever\u00f3 que esos tiempos naci\u00f3 la esperanza y sab\u00edan que hab\u00eda que buscar otro camino para construir lo que ten\u00edan la certeza de lo que ser\u00eda posible; ya que para ese entonces el Movimiento Revolucionario 200, era una esperanza importante para el Movimiento Sindical de la Liga Socialista en cual militaban.<\/p>\n\n\n\n<p><strong>Comandante Hugo Ch\u00e1vez: Despertar del pueblo<\/strong><\/p>\n\n\n\n<p>Como parte del transcurrir de la historia y el legado que han dejado luchadores incansables de la Revoluci\u00f3n el Mandatario Nacional, evoc\u00f3 aquel 4 de febrero de 1992, en el cual Venezuela amaneci\u00f3 con un \u00abantes y un despu\u00e9s\u00bb, porque con la llegada del Comandante y su tan recordado \u00ablamentablemente, por ahora, los objetivos que nos planteamos no fueron logrados\u00bb, marc\u00f3 en la cr\u00f3nica venezolana, ese renacer bolivariano.<\/p>\n\n\n\n<p>Nicol\u00e1s Maduro, quien lidera a la Naci\u00f3n y contin\u00faa con el legado del Comandante Eterno, resalt\u00f3 que ese 4 de febrero, el pueblo conoci\u00f3 el rostro de quien iba a ser \u00abnuestro renacentista, nuestro Comandante, y quien hizo posible lo que consider\u00e1bamos en ese momento imposible\u00bb.<\/p>\n\n\n\n<p>Asimismo, se\u00f1al\u00f3 que la llegada del Comandante Ch\u00e1vez form\u00f3 una senda de cambios ideol\u00f3gicos y un despertar de las masas revolucionarias, porque \u00abah\u00ed empez\u00f3 lo bonito, el movimiento hacia lo que iba a ser el Movimiento Sindical Revolucionario con todas sus corrientes, con energ\u00eda, audacia y con la fuerza de nuestros sue\u00f1os\u00bb.<\/p>\n\n\n\n<p><strong>Jacobo Torres de Le\u00f3n: Canciller de la clase obrera<\/strong><\/p>\n\n\n\n<p>Como parte de las palabras de la despedida a su fraternal amigo, el Presidente Maduro, reiter\u00f3 que este gran forjador de corrientes revolucionarias hizo brillar a la clase obrera venezolana, ya que junto a \u00e9l siempre se mantuvieron en una lucha tremenda contra la&nbsp; corrupci\u00f3n, contra la inmoralidad y por el respeto al pueblo.<\/p>\n\n\n\n<p>Por estas acciones que marcaron la historia del pa\u00eds y el legado que dej\u00f3 en el presente, el L\u00edder de la Rep\u00fablica Bolivariana de Venezuela, enfatiz\u00f3 que es momento en que el \u201ccanciller de la clase obrera\u201d se lleve su capona como Capit\u00e1n miliciano de la Revoluci\u00f3n Bolivariana, por su moral y \u00e9tica que debe seguir llevando Honor y Gloria a nuestro hermano Jacobo, sigamos su ejemplo, su camino y su lucha, que nadie desmaye, que nadie se rinda, falta mucho por hacer y una revoluci\u00f3n por construir. \u00a1Hasta la victoria siempre Jacobo, venceremos!\u00bb. <\/p>\n\n\n\n<p>Esta fue la expresi\u00f3n del Comandante en Jefe de la Naci\u00f3n para despedir a su amigo Jacobo Torres, un hombro colmado de rebeld\u00eda y fervor patrio. <\/p>\n\n\n\n<p>Prensa Presidencial\/Irmary D\u00edaz.<\/p>\n\n\n\n<p><\/p>\n","protected":false},"excerpt":{"rendered":"<p>Caracas.- El presidente de la Rep\u00fablica Bolivariana de Venezuela, Nicol\u00e1s Maduro Moros, destac\u00f3 el legado del \u00abcanciller de la clase obrera\u00bb, Jacobo Torres de Le\u00f3n, como un significado importante en las ense\u00f1anzas y el conocimiento de las nuevas generaciones, ya que fue un hombre de vanguardia, de ideas y con mucha perseverante en el porvenir [&hellip;]<\/p>\n","protected":false},"author":1,"featured_media":17405,"comment_status":"open","ping_status":"open","sticky":false,"template":"","format":"standard","meta":{"footnotes":""},"categories":[18,7],"tags":[30,19,27,20],"class_list":["post-17404","post","type-post","status-publish","format-standard","has-post-thumbnail","hentry","category-noticias-principales","category-notas-de-prensa","tag-destacado","tag-nicolas-maduro","tag-revolucion-bolivariana","tag-venezuela"],"_links":{"self":[{"href":"https:\/\/prensapresidencialvenezuela.gob.ve\/index.php\/wp-json\/wp\/v2\/posts\/17404","targetHints":{"allow":["GET"]}}],"collection":[{"href":"https:\/\/prensapresidencialvenezuela.gob.ve\/index.php\/wp-json\/wp\/v2\/posts"}],"about":[{"href":"https:\/\/prensapresidencialvenezuela.gob.ve\/index.php\/wp-json\/wp\/v2\/types\/post"}],"author":[{"embeddable":true,"href":"https:\/\/prensapresidencialvenezuela.gob.ve\/index.php\/wp-json\/wp\/v2\/users\/1"}],"replies":[{"embeddable":true,"href":"https:\/\/prensapresidencialvenezuela.gob.ve\/index.php\/wp-json\/wp\/v2\/comments?post=17404"}],"version-history":[{"count":3,"href":"https:\/\/prensapresidencialvenezuela.gob.ve\/index.php\/wp-json\/wp\/v2\/posts\/17404\/revisions"}],"predecessor-version":[{"id":17413,"href":"https:\/\/prensapresidencialvenezuela.gob.ve\/index.php\/wp-json\/wp\/v2\/posts\/17404\/revisions\/17413"}],"wp:featuredmedia":[{"embeddable":true,"href":"https:\/\/prensapresidencialvenezuela.gob.ve\/index.php\/wp-json\/wp\/v2\/media\/17405"}],"wp:attachment":[{"href":"https:\/\/prensapresidencialvenezuela.gob.ve\/index.php\/wp-json\/wp\/v2\/media?parent=17404"}],"wp:term":[{"taxonomy":"category","embeddable":true,"href":"https:\/\/prensapresidencialvenezuela.gob.ve\/index.php\/wp-json\/wp\/v2\/categories?post=17404"},{"taxonomy":"post_tag","embeddable":true,"href":"https:\/\/prensapresidencialvenezuela.gob.ve\/index.php\/wp-json\/wp\/v2\/tags?post=17404"}],"curies":[{"name":"wp","href":"https:\/\/api.w.org\/{rel}","templated":true}]}}