{"id":17450,"date":"2025-02-17T20:51:43","date_gmt":"2025-02-18T00:51:43","guid":{"rendered":"https:\/\/prensapresidencialvenezuela.gob.ve\/?p=17450"},"modified":"2025-02-17T20:54:51","modified_gmt":"2025-02-18T00:54:51","slug":"designan-nuevos-ministros-para-el-deporte-y-el-ecosocialismo","status":"publish","type":"post","link":"https:\/\/prensapresidencialvenezuela.gob.ve\/index.php\/2025\/02\/17\/designan-nuevos-ministros-para-el-deporte-y-el-ecosocialismo\/","title":{"rendered":"Designan nuevos ministros para el Deporte y el Ecosocialismo"},"content":{"rendered":"\n<p><strong>Palacio de Miraflores, Caracas.-<\/strong>El presidente de la Rep\u00fablica Bolivariana de Venezuela, Nicol\u00e1s Maduro Moros, design\u00f3 a dos nuevos ministros para el proceso de fortalecimiento y transformaci\u00f3n del Ministerio del Poder Popular para el Ecosocialismo y el Ministerio del Poder Popular para el Deporte.<\/p>\n\n\n\n<p>Los nuevos integrantes del Gabinete Ejecutivo son Ricardo Molina, quien asume desde hoy el Ministerio del Poder Popular para el Ecosocialismo, y Franklin Cardillo, quien estar\u00e1 al frente del Ministerio del Poder Popular para el Deporte.<\/p>\n\n\n\n<p>En este contexto, el Presidente resalt\u00f3 que uno de los objetivos del Ministerio para el Ecosocialismo es asumir la sexta transformaci\u00f3n del Plan de las 7T, y el del Ministerio de Deporte, conducir el ciclo ol\u00edmpico rumbo a Los \u00c1ngeles y fortalecer la masificaci\u00f3n deportiva en las comunas, liceos, escuelas y universidades.<\/p>\n\n\n\n<p>El jefe de Estado a\u00f1adi\u00f3 que el ministro Molina tiene la misi\u00f3n de encabezar la batalla por mitigar los cambios clim\u00e1ticos, que ya son una realidad en estos periodos de sequ\u00eda que se est\u00e1n viviendo con el calentamiento global.<\/p>\n\n\n\n<p>En cuanto al \u00e1rea deportiva, se\u00f1al\u00f3 que Cardillo tiene que encabezar todo el proceso de construcci\u00f3n y reconstrucci\u00f3n de calidad para entrenadores (as) de diferentes disciplinas deportivas.<\/p>\n\n\n\n<p><strong>Ecosocialismo en la nueva etapa de transici\u00f3n al socialismo<\/strong><\/p>\n\n\n\n<p>El ministro Ricardo Molina comunic\u00f3 que esta nueva etapa de transici\u00f3n al socialismo tiene que ser visto de manera transversal para seguir generando riquezas y satisfacer las necesidades del pueblo con un profundo respeto por la naturaleza.<\/p>\n\n\n\n<p>Refiri\u00f3 que el ecosocialismo tiene una visi\u00f3n de primer orden para generar las mejores condiciones, pero en base a la pol\u00edtica, tiene que ver con la incorporaci\u00f3n de todas (os) los 47 mil voceros (as) comunales eco socialistas, para el nuevo modelo de gobierno popular y comunal.<\/p>\n\n\n\n<figure class=\"wp-block-image size-large\"><img fetchpriority=\"high\" decoding=\"async\" width=\"808\" height=\"1024\" src=\"https:\/\/prensapresidencialvenezuela.gob.ve\/wp-content\/uploads\/2025\/02\/c414eaf7-faec-4889-8240-c5aff7d0376d-1-808x1024.jpg\" alt=\"\" class=\"wp-image-17455\" srcset=\"https:\/\/prensapresidencialvenezuela.gob.ve\/wp-content\/uploads\/2025\/02\/c414eaf7-faec-4889-8240-c5aff7d0376d-1-808x1024.jpg 808w, https:\/\/prensapresidencialvenezuela.gob.ve\/wp-content\/uploads\/2025\/02\/c414eaf7-faec-4889-8240-c5aff7d0376d-1-237x300.jpg 237w, https:\/\/prensapresidencialvenezuela.gob.ve\/wp-content\/uploads\/2025\/02\/c414eaf7-faec-4889-8240-c5aff7d0376d-1-768x973.jpg 768w, https:\/\/prensapresidencialvenezuela.gob.ve\/wp-content\/uploads\/2025\/02\/c414eaf7-faec-4889-8240-c5aff7d0376d-1.jpg 1010w\" sizes=\"(max-width: 808px) 100vw, 808px\" \/><\/figure>\n\n\n\n<p><strong>Impulso de la masificaci\u00f3n deportiva<\/strong><\/p>\n\n\n\n<p>Con la finalidad de fortalecer el movimiento deportivo en el pa\u00eds, el Ministro Cardillo enfatiz\u00f3 que fortificar\u00e1 la masificaci\u00f3n atl\u00e9tica en las comunidades a trav\u00e9s de los juegos comunitarios, estudiantiles, y universitarios, por medio de un Plan de Actividad F\u00edsica, adem\u00e1s de convertir al pa\u00eds en una potencia deportiva.<\/p>\n\n\n\n<p>El Dignatario venezolano insisti\u00f3 en que \u00abse debe fomentar la actividad f\u00edsica para tener una vida sana en todas sus etapas\u00bb.<\/p>\n\n\n\n<p><strong>Prensa Presidencial\/Irmary D\u00edaz<\/strong><\/p>\n","protected":false},"excerpt":{"rendered":"<p>Palacio de Miraflores, Caracas.-El presidente de la Rep\u00fablica Bolivariana de Venezuela, Nicol\u00e1s Maduro Moros, design\u00f3 a dos nuevos ministros para el proceso de fortalecimiento y transformaci\u00f3n del Ministerio del Poder Popular para el Ecosocialismo y el Ministerio del Poder Popular para el Deporte. Los nuevos integrantes del Gabinete Ejecutivo son Ricardo Molina, quien asume desde [&hellip;]<\/p>\n","protected":false},"author":1,"featured_media":17454,"comment_status":"open","ping_status":"open","sticky":false,"template":"","format":"standard","meta":{"footnotes":""},"categories":[18,7],"tags":[516,1017],"class_list":["post-17450","post","type-post","status-publish","format-standard","has-post-thumbnail","hentry","category-noticias-principales","category-notas-de-prensa","tag-deporte","tag-ecosocialismo"],"_links":{"self":[{"href":"https:\/\/prensapresidencialvenezuela.gob.ve\/index.php\/wp-json\/wp\/v2\/posts\/17450","targetHints":{"allow":["GET"]}}],"collection":[{"href":"https:\/\/prensapresidencialvenezuela.gob.ve\/index.php\/wp-json\/wp\/v2\/posts"}],"about":[{"href":"https:\/\/prensapresidencialvenezuela.gob.ve\/index.php\/wp-json\/wp\/v2\/types\/post"}],"author":[{"embeddable":true,"href":"https:\/\/prensapresidencialvenezuela.gob.ve\/index.php\/wp-json\/wp\/v2\/users\/1"}],"replies":[{"embeddable":true,"href":"https:\/\/prensapresidencialvenezuela.gob.ve\/index.php\/wp-json\/wp\/v2\/comments?post=17450"}],"version-history":[{"count":3,"href":"https:\/\/prensapresidencialvenezuela.gob.ve\/index.php\/wp-json\/wp\/v2\/posts\/17450\/revisions"}],"predecessor-version":[{"id":17457,"href":"https:\/\/prensapresidencialvenezuela.gob.ve\/index.php\/wp-json\/wp\/v2\/posts\/17450\/revisions\/17457"}],"wp:featuredmedia":[{"embeddable":true,"href":"https:\/\/prensapresidencialvenezuela.gob.ve\/index.php\/wp-json\/wp\/v2\/media\/17454"}],"wp:attachment":[{"href":"https:\/\/prensapresidencialvenezuela.gob.ve\/index.php\/wp-json\/wp\/v2\/media?parent=17450"}],"wp:term":[{"taxonomy":"category","embeddable":true,"href":"https:\/\/prensapresidencialvenezuela.gob.ve\/index.php\/wp-json\/wp\/v2\/categories?post=17450"},{"taxonomy":"post_tag","embeddable":true,"href":"https:\/\/prensapresidencialvenezuela.gob.ve\/index.php\/wp-json\/wp\/v2\/tags?post=17450"}],"curies":[{"name":"wp","href":"https:\/\/api.w.org\/{rel}","templated":true}]}}