{"id":1747,"date":"2022-04-25T21:15:00","date_gmt":"2022-04-25T21:15:00","guid":{"rendered":"http:\/\/172.27.0.121\/?p=1747"},"modified":"2022-06-29T21:17:18","modified_gmt":"2022-06-29T21:17:18","slug":"presidente-maduro-recibe-al-primer-ministro-de-san-vicente-y-las-granadinas-en-miraflores","status":"publish","type":"post","link":"https:\/\/prensapresidencialvenezuela.gob.ve\/index.php\/2022\/04\/25\/presidente-maduro-recibe-al-primer-ministro-de-san-vicente-y-las-granadinas-en-miraflores\/","title":{"rendered":"Presidente Maduro recibe al primer ministro de San Vicente y las Granadinas en Miraflores"},"content":{"rendered":"\n<p><strong>Palacio de Miraflores, Caracas.- <\/strong>El presidente de la Rep\u00fablica Bolivariana de Venezuela, Nicol\u00e1s Maduro Moros, sostiene una reuni\u00f3n de trabajo la tarde de este lunes con el primer ministro de San Vicente y las Granadinas, Ralph Gonsalves, en el Palacio de Miraflores, ubicado en Caracas.<\/p>\n\n\n\n<p>El encuentro que se lleva a cabo en el sal\u00f3n Sim\u00f3n Bol\u00edvar, fortalece los lazos de solidaridad y hermandad entre ambos pueblos y Gobiernos, que se manifiesta en una din\u00e1mica y sostenida relaci\u00f3n de intercambio pol\u00edtico, social y cultural, la cual se ha intensificado los \u00faltimos 22 a\u00f1os de Revoluci\u00f3n Bolivariana gracias al empe\u00f1o y la convicci\u00f3n del Comandante Hugo Ch\u00e1vez de rescatar y consolidar la integraci\u00f3n de Am\u00e9rica Latina y el Caribe.<\/p>\n\n\n\n<p>Recientemente, el Jefe de Estado venezolano manifest\u00f3 sus palabras de agradecimiento por la solidaridad del Gobierno de San Vicente y las Granadinas en defensa de la soberan\u00eda nacional.<\/p>\n\n\n\n<p>En una nota de informativa publicada por <em>Prensa Presidencial<\/em> se explica que \u201cNos une la amistad y el amor por las grandes causas (\u2026) Han pasado casi diez a\u00f1os y usted es testigo de primer orden de lo que hemos vivido en esta \u00faltima d\u00e9cada\u201d, puntualiz\u00f3 en el mes de febrero durante el acto de despedida del embajador de San Vicente y las Granadinas en Venezuela, Andreas Wickham, quien finaliz\u00f3 sus servicios diplom\u00e1ticos en la naci\u00f3n suramericana.<\/p>\n\n\n\n<p>En este contexto, Venezuela reitera su deseo de seguir trabajando para profundizar las alianzas estrat\u00e9gicas, especialmente en el \u00e1rea energ\u00e9tica a trav\u00e9s de Petrocaribe, as\u00ed como en materia de diversidad cultural en el concierto de la Comunidad de Estados Latinoamericanos y Caribe\u00f1os (CELAC) a favor de una integraci\u00f3n regional equilibrada y democr\u00e1tica, respetando las diferencias y asimetr\u00edas de nuestros pueblos bajo los principios de la Diplomacia Bolivariana de Paz.<\/p>\n\n\n\n<p><strong>Prensa Presidencial\/Karla Cotoret<\/strong><\/p>\n","protected":false},"excerpt":{"rendered":"<p>Palacio de Miraflores, Caracas.- El presidente de la Rep\u00fablica Bolivariana de Venezuela, Nicol\u00e1s Maduro Moros, sostiene una reuni\u00f3n de trabajo la tarde de este lunes con el primer ministro de San Vicente y las Granadinas, Ralph Gonsalves, en el Palacio de Miraflores, ubicado en Caracas. El encuentro que se lleva a cabo en el sal\u00f3n [&hellip;]<\/p>\n","protected":false},"author":6,"featured_media":1748,"comment_status":"open","ping_status":"open","sticky":false,"template":"","format":"standard","meta":{"footnotes":""},"categories":[7],"tags":[],"class_list":["post-1747","post","type-post","status-publish","format-standard","has-post-thumbnail","hentry","category-notas-de-prensa"],"_links":{"self":[{"href":"https:\/\/prensapresidencialvenezuela.gob.ve\/index.php\/wp-json\/wp\/v2\/posts\/1747","targetHints":{"allow":["GET"]}}],"collection":[{"href":"https:\/\/prensapresidencialvenezuela.gob.ve\/index.php\/wp-json\/wp\/v2\/posts"}],"about":[{"href":"https:\/\/prensapresidencialvenezuela.gob.ve\/index.php\/wp-json\/wp\/v2\/types\/post"}],"author":[{"embeddable":true,"href":"https:\/\/prensapresidencialvenezuela.gob.ve\/index.php\/wp-json\/wp\/v2\/users\/6"}],"replies":[{"embeddable":true,"href":"https:\/\/prensapresidencialvenezuela.gob.ve\/index.php\/wp-json\/wp\/v2\/comments?post=1747"}],"version-history":[{"count":1,"href":"https:\/\/prensapresidencialvenezuela.gob.ve\/index.php\/wp-json\/wp\/v2\/posts\/1747\/revisions"}],"predecessor-version":[{"id":1749,"href":"https:\/\/prensapresidencialvenezuela.gob.ve\/index.php\/wp-json\/wp\/v2\/posts\/1747\/revisions\/1749"}],"wp:featuredmedia":[{"embeddable":true,"href":"https:\/\/prensapresidencialvenezuela.gob.ve\/index.php\/wp-json\/wp\/v2\/media\/1748"}],"wp:attachment":[{"href":"https:\/\/prensapresidencialvenezuela.gob.ve\/index.php\/wp-json\/wp\/v2\/media?parent=1747"}],"wp:term":[{"taxonomy":"category","embeddable":true,"href":"https:\/\/prensapresidencialvenezuela.gob.ve\/index.php\/wp-json\/wp\/v2\/categories?post=1747"},{"taxonomy":"post_tag","embeddable":true,"href":"https:\/\/prensapresidencialvenezuela.gob.ve\/index.php\/wp-json\/wp\/v2\/tags?post=1747"}],"curies":[{"name":"wp","href":"https:\/\/api.w.org\/{rel}","templated":true}]}}