{"id":17472,"date":"2025-02-17T22:06:06","date_gmt":"2025-02-18T02:06:06","guid":{"rendered":"https:\/\/prensapresidencialvenezuela.gob.ve\/?p=17472"},"modified":"2025-02-17T22:06:07","modified_gmt":"2025-02-18T02:06:07","slug":"inicia-estudio-piloto-sobre-la-incidencia-del-alzheimer-en-venezuela","status":"publish","type":"post","link":"https:\/\/prensapresidencialvenezuela.gob.ve\/index.php\/2025\/02\/17\/inicia-estudio-piloto-sobre-la-incidencia-del-alzheimer-en-venezuela\/","title":{"rendered":"Inicia estudio piloto sobre la incidencia del Alzheimer en Venezuela"},"content":{"rendered":"\n<p><strong>Teatro Teresa Carre\u00f1o, Caracas.-<\/strong> La vicepresidenta sectorial de Ciencia, Tecnolog\u00eda y Salud, Gabriela Jim\u00e9nez, inform\u00f3 sobre el inici\u00f3 de un estudio piloto sobre la incidencia del Alzheimer en la naci\u00f3n venezolana.<\/p>\n\n\n\n<p>Durante su intervenci\u00f3n, &nbsp;en la edici\u00f3n del programa Con Maduro +, Jim\u00e9nez indic\u00f3 que el laboratorio desarrollado en materia de Bioqu\u00edmica y Biof\u00edsica del Instituto Venezolano de Investigaciones Cient\u00edfica (IVIC) se convertir\u00e1 en un espacio crucial para la investigaci\u00f3n de enfermedades neurol\u00f3gicas, concentrando los esfuerzos en el Alzheimer.<\/p>\n\n\n\n<p>La Vicepresidenta Sectorial enfatiz\u00f3 que \u00abel 70% de los pacientes son mujeres, son abuelas\u00bb, y explic\u00f3 que esta condici\u00f3n est\u00e1 \u00abcondicionada a un comportamiento con las hormonas, c\u00f3mo se comporta el cerebro de la mujer y una condici\u00f3n gen\u00e9tica\u00bb.<\/p>\n\n\n\n<p>Asimismo, explic\u00f3 que \u00abaproximadamente en m\u00e1s del 7,1% de la poblaci\u00f3n mujer de m\u00e1s de 50 a\u00f1os y el 3% de la poblaci\u00f3n hombre m\u00e1s de 55 a\u00f1os\u00bb.<\/p>\n\n\n\n<p>Esta tendencia ha permitido generar una \u00abagenda de recomendaci\u00f3n en materia de neurociencias\u00bb, enfoc\u00e1ndose en la necesidad urgente de abordar esta enfermedad.<\/p>\n\n\n\n<p>Adem\u00e1s, subray\u00f3 que \u00abel diagn\u00f3stico ocurre de manera tard\u00eda por m\u00e9todos invasivos y sumamente costosos\u00bb, lo que resalta la necesidad de una intervenci\u00f3n m\u00e1s accesible y temprana.<\/p>\n\n\n\n<p>En este sentido, Jim\u00e9nez propuso \u00abconstruir un protocolo de salud mental dedicado, desde Venezuela, para el Alzheimer\u00bb, que incluya un diagn\u00f3stico temprano y el acompa\u00f1amiento a las familias, las cuales desempe\u00f1an un papel fundamental en el cuidado del paciente.<\/p>\n\n\n\n<p>La tambi\u00e9n encargada de la cartera de Ciencia y Tecnolog\u00eda, agreg\u00f3 los logros alcanzados en la agenda cient\u00edfica del a\u00f1o 2024, que se consagr\u00f3 con \u00ab720 proyectos de investigaci\u00f3n que usted impuls\u00f3, presidente Nicol\u00e1s Maduro\u00bb.<\/p>\n\n\n\n<p>De estos, el 50% corresponde a agendas de investigaci\u00f3n, desarrollo e innovaci\u00f3n.<br>Finalmente, hizo un llamado a la poblaci\u00f3n para \u00abcuidarnos en h\u00e1bitos saludables\u00bb, al enfatizar la importancia de la prevenci\u00f3n y la detecci\u00f3n temprana en la lucha contra esta devastadora enfermedad.<\/p>\n\n\n\n<p><strong>Prensa Presidencial \/ Eduardo Hueck<\/strong><\/p>\n\n\n\n<p><\/p>\n\n\n\n<p><\/p>\n","protected":false},"excerpt":{"rendered":"<p>Teatro Teresa Carre\u00f1o, Caracas.- La vicepresidenta sectorial de Ciencia, Tecnolog\u00eda y Salud, Gabriela Jim\u00e9nez, inform\u00f3 sobre el inici\u00f3 de un estudio piloto sobre la incidencia del Alzheimer en la naci\u00f3n venezolana. Durante su intervenci\u00f3n, &nbsp;en la edici\u00f3n del programa Con Maduro +, Jim\u00e9nez indic\u00f3 que el laboratorio desarrollado en materia de Bioqu\u00edmica y Biof\u00edsica del [&hellip;]<\/p>\n","protected":false},"author":1,"featured_media":17473,"comment_status":"open","ping_status":"open","sticky":false,"template":"","format":"standard","meta":{"footnotes":""},"categories":[18,7],"tags":[1380,1378,1379],"class_list":["post-17472","post","type-post","status-publish","format-standard","has-post-thumbnail","hentry","category-noticias-principales","category-notas-de-prensa","tag-alzheimer","tag-estudio","tag-piloto"],"_links":{"self":[{"href":"https:\/\/prensapresidencialvenezuela.gob.ve\/index.php\/wp-json\/wp\/v2\/posts\/17472","targetHints":{"allow":["GET"]}}],"collection":[{"href":"https:\/\/prensapresidencialvenezuela.gob.ve\/index.php\/wp-json\/wp\/v2\/posts"}],"about":[{"href":"https:\/\/prensapresidencialvenezuela.gob.ve\/index.php\/wp-json\/wp\/v2\/types\/post"}],"author":[{"embeddable":true,"href":"https:\/\/prensapresidencialvenezuela.gob.ve\/index.php\/wp-json\/wp\/v2\/users\/1"}],"replies":[{"embeddable":true,"href":"https:\/\/prensapresidencialvenezuela.gob.ve\/index.php\/wp-json\/wp\/v2\/comments?post=17472"}],"version-history":[{"count":1,"href":"https:\/\/prensapresidencialvenezuela.gob.ve\/index.php\/wp-json\/wp\/v2\/posts\/17472\/revisions"}],"predecessor-version":[{"id":17474,"href":"https:\/\/prensapresidencialvenezuela.gob.ve\/index.php\/wp-json\/wp\/v2\/posts\/17472\/revisions\/17474"}],"wp:featuredmedia":[{"embeddable":true,"href":"https:\/\/prensapresidencialvenezuela.gob.ve\/index.php\/wp-json\/wp\/v2\/media\/17473"}],"wp:attachment":[{"href":"https:\/\/prensapresidencialvenezuela.gob.ve\/index.php\/wp-json\/wp\/v2\/media?parent=17472"}],"wp:term":[{"taxonomy":"category","embeddable":true,"href":"https:\/\/prensapresidencialvenezuela.gob.ve\/index.php\/wp-json\/wp\/v2\/categories?post=17472"},{"taxonomy":"post_tag","embeddable":true,"href":"https:\/\/prensapresidencialvenezuela.gob.ve\/index.php\/wp-json\/wp\/v2\/tags?post=17472"}],"curies":[{"name":"wp","href":"https:\/\/api.w.org\/{rel}","templated":true}]}}